{"id":1488,"date":"2023-08-19T14:53:18","date_gmt":"2023-08-19T12:53:18","guid":{"rendered":"https:\/\/www.be-harmony.fr\/accueil\/?p=1488"},"modified":"2023-10-16T20:51:07","modified_gmt":"2023-10-16T18:51:07","slug":"arreter-de-fumer-pour-etre-ecoresponsable","status":"publish","type":"post","link":"https:\/\/www.be-harmony.fr\/accueil\/blog\/arreter-de-fumer-pour-etre-ecoresponsable\/","title":{"rendered":"ARR\u00caTER DE FUMER POUR \u00caTRE \u00c9CORESPONSABLE !"},"content":{"rendered":"<p>[et_pb_section fb_built=\u00a0\u00bb1&Prime; admin_label=\u00a0\u00bbHero\u00a0\u00bb _builder_version=\u00a0\u00bb4.16&Prime; custom_padding=\u00a0\u00bb0|0px|145px|0px|false|false\u00a0\u00bb bottom_divider_height=\u00a0\u00bb0px\u00a0\u00bb border_width_bottom=\u00a0\u00bb1px\u00a0\u00bb border_color_bottom=\u00a0\u00bb#efefef\u00a0\u00bb global_colors_info=\u00a0\u00bb{}\u00a0\u00bb][et_pb_row column_structure=\u00a0\u00bb1_2,1_2&Prime; _builder_version=\u00a0\u00bb4.16&Prime; width=\u00a0\u00bb100%\u00a0\u00bb max_width=\u00a0\u00bb100%\u00a0\u00bb custom_margin=\u00a0\u00bb|||\u00a0\u00bb custom_margin_tablet=\u00a0\u00bb||0px|\u00a0\u00bb custom_margin_phone=\u00a0\u00bb\u00a0\u00bb custom_margin_last_edited=\u00a0\u00bbon|desktop\u00a0\u00bb custom_padding=\u00a0\u00bb0|0px|27px|0px|false|false\u00a0\u00bb use_custom_width=\u00a0\u00bbon\u00a0\u00bb width_unit=\u00a0\u00bboff\u00a0\u00bb custom_width_percent=\u00a0\u00bb100%\u00a0\u00bb global_colors_info=\u00a0\u00bb{}\u00a0\u00bb][et_pb_column type=\u00a0\u00bb1_2&Prime; _builder_version=\u00a0\u00bb4.16&Prime; custom_padding=\u00a0\u00bb6%||6%|12%\u00a0\u00bb custom_padding_tablet=\u00a0\u00bb50px|50px|50px|50px\u00a0\u00bb custom_padding_phone=\u00a0\u00bb50px|50px|50px|50px\u00a0\u00bb custom_padding_last_edited=\u00a0\u00bbon|tablet\u00a0\u00bb global_colors_info=\u00a0\u00bb{}\u00a0\u00bb padding_tablet=\u00a0\u00bb50px|50px|50px|50px\u00a0\u00bb padding_last_edited=\u00a0\u00bbon|tablet\u00a0\u00bb custom_padding__hover=\u00a0\u00bb|||\u00a0\u00bb padding_phone=\u00a0\u00bb50px|50px|50px|50px\u00a0\u00bb][et_pb_image src=\u00a0\u00bbhttps:\/\/www.be-harmony.fr\/wp-content\/uploads\/2022\/12\/LOGOS-THERAPIES-TITRE-2022.png\u00a0\u00bb title_text=\u00a0\u00bbLOGOS THERAPIES TITRE 2022&Prime; align_tablet=\u00a0\u00bbcenter\u00a0\u00bb align_phone=\u00a0\u00bbcenter\u00a0\u00bb align_last_edited=\u00a0\u00bbon|desktop\u00a0\u00bb _builder_version=\u00a0\u00bb4.22.0&Prime; global_colors_info=\u00a0\u00bb{}\u00a0\u00bb][\/et_pb_image][\/et_pb_column][et_pb_column type=\u00a0\u00bb1_2&Prime; _builder_version=\u00a0\u00bb4.16&Prime; custom_padding=\u00a0\u00bb|||\u00a0\u00bb global_colors_info=\u00a0\u00bb{}\u00a0\u00bb custom_padding__hover=\u00a0\u00bb|||\u00a0\u00bb][et_pb_image src=\u00a0\u00bbhttps:\/\/www.be-harmony.fr\/wp-content\/uploads\/2022\/12\/LOGO_BEHARMONYtitre2022.png\u00a0\u00bb title_text=\u00a0\u00bbLOGO_BEHARMONYtitre2022&Prime; align=\u00a0\u00bbcenter\u00a0\u00bb force_fullwidth=\u00a0\u00bbon\u00a0\u00bb align_tablet=\u00a0\u00bbcenter\u00a0\u00bb align_phone=\u00a0\u00bbcenter\u00a0\u00bb align_last_edited=\u00a0\u00bbon|desktop\u00a0\u00bb _builder_version=\u00a0\u00bb4.22.0&Prime; custom_margin=\u00a0\u00bb|||\u00a0\u00bb custom_padding=\u00a0\u00bb|||\u00a0\u00bb animation_style=\u00a0\u00bbslide\u00a0\u00bb animation_direction=\u00a0\u00bbright\u00a0\u00bb animation_intensity_slide=\u00a0\u00bb5%\u00a0\u00bb border_radii=\u00a0\u00bbon|110vw|110vw|110vw|110vw\u00a0\u00bb border_color_all=\u00a0\u00bb#92C020&Prime; border_width_left=\u00a0\u00bb2vw\u00a0\u00bb box_shadow_style=\u00a0\u00bbpreset4&Prime; box_shadow_horizontal=\u00a0\u00bb-8px\u00a0\u00bb box_shadow_vertical=\u00a0\u00bb-5px\u00a0\u00bb box_shadow_blur=\u00a0\u00bb16px\u00a0\u00bb box_shadow_color=\u00a0\u00bb#92C020&Prime; global_colors_info=\u00a0\u00bb{}\u00a0\u00bb][\/et_pb_image][\/et_pb_column][\/et_pb_row][et_pb_row column_structure=\u00a0\u00bb1_2,1_2&Prime; _builder_version=\u00a0\u00bb4.22.0&Prime; _module_preset=\u00a0\u00bbdefault\u00a0\u00bb global_colors_info=\u00a0\u00bb{}\u00a0\u00bb][et_pb_column type=\u00a0\u00bb1_2&Prime; _builder_version=\u00a0\u00bb4.22.0&Prime; _module_preset=\u00a0\u00bbdefault\u00a0\u00bb global_colors_info=\u00a0\u00bb{}\u00a0\u00bb][et_pb_text _builder_version=\u00a0\u00bb4.22.0&Prime; _module_preset=\u00a0\u00bbdefault\u00a0\u00bb text_font=\u00a0\u00bbMontserrat|600|||||||\u00a0\u00bb global_colors_info=\u00a0\u00bb{}\u00a0\u00bb]<\/p>\n<h1>ARR\u00caTER DE FUMER POUR \u00caTRE \u00c9CORESPONSABLE !<\/h1>\n<p>[\/et_pb_text][\/et_pb_column][et_pb_column type=\u00a0\u00bb1_2&Prime; _builder_version=\u00a0\u00bb4.22.0&Prime; _module_preset=\u00a0\u00bbdefault\u00a0\u00bb global_colors_info=\u00a0\u00bb{}\u00a0\u00bb][et_pb_text _builder_version=\u00a0\u00bb4.22.0&Prime; _module_preset=\u00a0\u00bbdefault\u00a0\u00bb global_colors_info=\u00a0\u00bb{}\u00a0\u00bb]<\/p>\n<p style=\"text-align: center;\">Le tabac tue, tout le monde le sait, ce n\u2019est pas faute d\u2019en parler ! Au-del\u00e0 des risques sanitaires, d\u00e9j\u00e0 d\u00e8s sa production,<br \/>le tabac laisse des traces nocives pour la plan\u00e8te. Le tabac joue un r\u00f4le important sur la d\u00e9forestation et sur la pollution.<br \/>Le tabagisme d\u00e9truit l\u2019environnement. Le saviez-vous ?<\/p>\n<p>[\/et_pb_text][\/et_pb_column][\/et_pb_row][\/et_pb_section][et_pb_section fb_built=\u00a0\u00bb1&Prime; _builder_version=\u00a0\u00bb4.22.0&Prime; _module_preset=\u00a0\u00bbdefault\u00a0\u00bb global_colors_info=\u00a0\u00bb{}\u00a0\u00bb][et_pb_row column_structure=\u00a0\u00bb1_2,1_2&Prime; _builder_version=\u00a0\u00bb4.22.0&Prime; _module_preset=\u00a0\u00bbdefault\u00a0\u00bb global_colors_info=\u00a0\u00bb{}\u00a0\u00bb][et_pb_column type=\u00a0\u00bb1_2&Prime; _builder_version=\u00a0\u00bb4.22.0&Prime; _module_preset=\u00a0\u00bbdefault\u00a0\u00bb global_colors_info=\u00a0\u00bb{}\u00a0\u00bb][et_pb_text _builder_version=\u00a0\u00bb4.22.0&Prime; _module_preset=\u00a0\u00bbdefault\u00a0\u00bb global_colors_info=\u00a0\u00bb{}\u00a0\u00bb]<\/p>\n<h2>PRISE DE CONSCIENCE<\/h2>\n<p>&nbsp;<\/p>\n<p>Parviendrons-nous \u00e0 ouvrir les yeux sur nos contradictions comportementales ?<\/p>\n<p>Cet article vous apportera t-il un nouvel \u00e9l\u00e9ment de r\u00e9flexion ?<\/p>\n<p>Vous fournira t-il une nouvelle arme de combat pour vous accompagner dans votre sevrage tabagique ?<\/p>\n<p>Vous \u00eates fumeur, et vous ne parvenez pas \u00e0 cesser de fumer.<\/p>\n<p>Votre raison vous demande bien de pr\u00e9server votre sant\u00e9 tant qu\u2019il en est encore temps mais&#8230; rien \u00e0 faire, votre envie l\u2019emporte !<\/p>\n<p>C\u2019est un plaisir dont vous ne voulez pas vous priver. En m\u00eame temps, c\u2019est normal, c\u2019est le principe m\u00eame qu\u2019a l\u2019action de la<br \/>nicotine sur votre cerveau !<\/p>\n<p>Ne cherchez pas plus loin : Vous \u00eates d\u00e9pendant !<\/p>\n<p>[\/et_pb_text][\/et_pb_column][et_pb_column type=\u00a0\u00bb1_2&Prime; _builder_version=\u00a0\u00bb4.22.0&Prime; _module_preset=\u00a0\u00bbdefault\u00a0\u00bb global_colors_info=\u00a0\u00bb{}\u00a0\u00bb][et_pb_text _builder_version=\u00a0\u00bb4.22.0&Prime; _module_preset=\u00a0\u00bbdefault\u00a0\u00bb global_colors_info=\u00a0\u00bb{}\u00a0\u00bb]<\/p>\n<p>Une \u00e9tude \u00e9pid\u00e9miologique a \u00e9t\u00e9 men\u00e9e \u00e0 grande \u00e9chelle. Elle a d\u00e9montr\u00e9 que les fumeurs semblaient moins souvent atteints de la maladie de Parkinson que les non-fumeurs.<\/p>\n<p>Un constat qui para\u00eet corr\u00e9ler avec la dur\u00e9e et la quantit\u00e9 de tabac consomm\u00e9e.<br \/>Soit, un ex-fumeur perdrait de ce b\u00e9n\u00e9fice au fil des ann\u00e9es.<\/p>\n<p>Or, pour autant, nous le savons tous, fumer tue !<\/p>\n<p>Et peut-on vraiment risquer un cancer du fumeur dans l\u2019espoir d\u2019\u00e9chapper \u00e0 la maladie de Parkinson ?<br \/>Bien s\u00fbr que non !<br \/>Consommer la nicotine sous une autre forme, pourrait-elle \u00eatre une solution pour lutter contre le tabac ?<\/p>\n<p>Pour autant, les r\u00e9sultats li\u00e9s \u00e0 la prise par voie orale restent tr\u00e8s controvers\u00e9s. Les uns viennent se substituer aux autres, pr\u00e9sentant tout et leur contraire.<\/p>\n<p>Des essais en cours quant \u00e0 la prise transdermale viennent de prendre fin.<br \/>Ils devraient bient\u00f4t \u00eatre publi\u00e9s, et ces derniers paraissent encourageants.<\/p>\n<p>[\/et_pb_text][\/et_pb_column][\/et_pb_row][\/et_pb_section][et_pb_section fb_built=\u00a0\u00bb1&Prime; _builder_version=\u00a0\u00bb4.22.0&Prime; _module_preset=\u00a0\u00bbdefault\u00a0\u00bb global_colors_info=\u00a0\u00bb{}\u00a0\u00bb][et_pb_row _builder_version=\u00a0\u00bb4.22.0&Prime; _module_preset=\u00a0\u00bbdefault\u00a0\u00bb global_colors_info=\u00a0\u00bb{}\u00a0\u00bb][et_pb_column type=\u00a0\u00bb4_4&Prime; _builder_version=\u00a0\u00bb4.22.0&Prime; _module_preset=\u00a0\u00bbdefault\u00a0\u00bb global_colors_info=\u00a0\u00bb{}\u00a0\u00bb][et_pb_image src=\u00a0\u00bbhttps:\/\/www.be-harmony.fr\/wp-content\/uploads\/2023\/08\/PROMO-DIVERS_marsavrilmai2312-1-scaled.jpg\u00a0\u00bb title_text=\u00a0\u00bbPROMO DIVERS_marsavrilmai2312 (1)\u00a0\u00bb _builder_version=\u00a0\u00bb4.22.0&Prime; _module_preset=\u00a0\u00bbdefault\u00a0\u00bb global_colors_info=\u00a0\u00bb{}\u00a0\u00bb][\/et_pb_image][\/et_pb_column][\/et_pb_row][\/et_pb_section][et_pb_section fb_built=\u00a0\u00bb1&Prime; _builder_version=\u00a0\u00bb4.22.0&Prime; _module_preset=\u00a0\u00bbdefault\u00a0\u00bb global_colors_info=\u00a0\u00bb{}\u00a0\u00bb][et_pb_row column_structure=\u00a0\u00bb1_2,1_2&Prime; _builder_version=\u00a0\u00bb4.22.0&Prime; _module_preset=\u00a0\u00bbdefault\u00a0\u00bb global_colors_info=\u00a0\u00bb{}\u00a0\u00bb][et_pb_column type=\u00a0\u00bb1_2&Prime; _builder_version=\u00a0\u00bb4.22.0&Prime; _module_preset=\u00a0\u00bbdefault\u00a0\u00bb global_colors_info=\u00a0\u00bb{}\u00a0\u00bb][et_pb_text _builder_version=\u00a0\u00bb4.22.0&Prime; _module_preset=\u00a0\u00bbdefault\u00a0\u00bb global_colors_info=\u00a0\u00bb{}\u00a0\u00bb]<\/p>\n<h3>NOS CONTRADICTIONS<\/h3>\n<p>&nbsp;<\/p>\n<p>Nous assistons r\u00e9guli\u00e8rement \u00e0 des mouvements de foule en faveur de l\u2019environnement.<\/p>\n<p>Dans cette soci\u00e9t\u00e9 de surconsommation destructrice, nous sommes nombreux \u00e0 souhaiter revenir vers un mode de vie plus adapt\u00e9 et plus sain.<\/p>\n<p>Nous voulons permettre un nouveau souffle \u00e0 la terre, pour nous, pour nos enfants qui eux-m\u00eames s\u2019indignent devant tant de<br \/>n\u00e9gligence.<\/p>\n<p>A bien y r\u00e9fl\u00e9chir, cela ne pourrait-il pas commencer par un bon sevrage tabagique pour tous ?! Ne serait-ce pas un bon d\u00e9but ?<br \/>Parce qu\u2019il faut tout de m\u00eame le savoir :<\/p>\n<p>De sa production \u00e0 sa consommation et m\u00eame bien au-del\u00e0, le tabac pollue !<\/p>\n<p>La question qui se pose est : peut-on militer pour une cause comme l\u2019environnement et la desservir simultan\u00e9ment en s\u2019affichant avec une cigarette \u00e0 la main ?<\/p>\n<p>Avons-nous conscience de cette contradiction ?<\/p>\n<p>Sommes-nous cr\u00e9dibles ?<\/p>\n<p>[\/et_pb_text][\/et_pb_column][et_pb_column type=\u00a0\u00bb1_2&Prime; _builder_version=\u00a0\u00bb4.22.0&Prime; _module_preset=\u00a0\u00bbdefault\u00a0\u00bb global_colors_info=\u00a0\u00bb{}\u00a0\u00bb][et_pb_text _builder_version=\u00a0\u00bb4.22.0&Prime; _module_preset=\u00a0\u00bbdefault\u00a0\u00bb global_colors_info=\u00a0\u00bb{}\u00a0\u00bb][\/et_pb_text][\/et_pb_column][\/et_pb_row][\/et_pb_section][et_pb_section fb_built=\u00a0\u00bb1&Prime; _builder_version=\u00a0\u00bb4.16&Prime; custom_padding=\u00a0\u00bb|0px|0px|0px|false|false\u00a0\u00bb locked=\u00a0\u00bboff\u00a0\u00bb global_colors_info=\u00a0\u00bb{}\u00a0\u00bb][et_pb_row _builder_version=\u00a0\u00bb4.22.0&Prime; _module_preset=\u00a0\u00bbdefault\u00a0\u00bb global_colors_info=\u00a0\u00bb{}\u00a0\u00bb][et_pb_column type=\u00a0\u00bb4_4&Prime; _builder_version=\u00a0\u00bb4.22.0&Prime; _module_preset=\u00a0\u00bbdefault\u00a0\u00bb global_colors_info=\u00a0\u00bb{}\u00a0\u00bb][et_pb_post_nav _builder_version=\u00a0\u00bb4.22.0&Prime; _module_preset=\u00a0\u00bbdefault\u00a0\u00bb global_colors_info=\u00a0\u00bb{}\u00a0\u00bb][\/et_pb_post_nav][et_pb_comments _builder_version=\u00a0\u00bb4.22.0&Prime; _module_preset=\u00a0\u00bbdefault\u00a0\u00bb global_colors_info=\u00a0\u00bb{}\u00a0\u00bb][\/et_pb_comments][\/et_pb_column][\/et_pb_row][\/et_pb_section][et_pb_section fb_built=\u00a0\u00bb1&Prime; admin_label=\u00a0\u00bbChecklist\u00a0\u00bb _builder_version=\u00a0\u00bb4.16&Prime; custom_padding=\u00a0\u00bb100px|0px|100px|0px|true|false\u00a0\u00bb global_colors_info=\u00a0\u00bb{}\u00a0\u00bb][et_pb_row _builder_version=\u00a0\u00bb4.22.0&Prime; _module_preset=\u00a0\u00bbdefault\u00a0\u00bb global_colors_info=\u00a0\u00bb{}\u00a0\u00bb][et_pb_column type=\u00a0\u00bb4_4&Prime; _builder_version=\u00a0\u00bb4.22.0&Prime; _module_preset=\u00a0\u00bbdefault\u00a0\u00bb global_colors_info=\u00a0\u00bb{}\u00a0\u00bb][et_pb_blog fullwidth=\u00a0\u00bboff\u00a0\u00bb posts_number=\u00a0\u00bb3&Prime; use_manual_excerpt=\u00a0\u00bboff\u00a0\u00bb excerpt_length=\u00a0\u00bb120&Prime; _builder_version=\u00a0\u00bb4.22.0&Prime; _module_preset=\u00a0\u00bbdefault\u00a0\u00bb global_colors_info=\u00a0\u00bb{}\u00a0\u00bb][\/et_pb_blog][\/et_pb_column][\/et_pb_row][\/et_pb_section][et_pb_section fb_built=\u00a0\u00bb1&Prime; admin_label=\u00a0\u00bbCall To Action\u00a0\u00bb _builder_version=\u00a0\u00bb4.21.2&Prime; background_color=\u00a0\u00bb#f1f5f7&Prime; background_enable_image=\u00a0\u00bboff\u00a0\u00bb background_size=\u00a0\u00bbcontain\u00a0\u00bb background_position=\u00a0\u00bbcenter_left\u00a0\u00bb custom_margin=\u00a0\u00bb0px|0px|0px|0px\u00a0\u00bb custom_padding=\u00a0\u00bb0|0px|0|0px|false|false\u00a0\u00bb border_color_all=\u00a0\u00bb#f1f5f7&Prime; border_width_bottom=\u00a0\u00bb50px\u00a0\u00bb locked=\u00a0\u00bboff\u00a0\u00bb global_colors_info=\u00a0\u00bb{}\u00a0\u00bb][et_pb_row use_custom_gutter=\u00a0\u00bbon\u00a0\u00bb _builder_version=\u00a0\u00bb4.22.0&Prime; use_background_color_gradient=\u00a0\u00bbon\u00a0\u00bb background_color_gradient_stops=\u00a0\u00bbrgba(146,192,32,0.24) 1%|rgba(146,192,32,0.7) 100%\u00a0\u00bb background_color_gradient_overlays_image=\u00a0\u00bbon\u00a0\u00bb background_color_gradient_start=\u00a0\u00bbrgba(49,128,192,0.2)\u00a0\u00bb background_color_gradient_end=\u00a0\u00bbrgba(49,128,192,0.6)\u00a0\u00bb background_image=\u00a0\u00bbhttps:\/\/www.be-harmony.fr\/wp-content\/uploads\/2022\/12\/Trame-arriere-plan-v2.jpg\u00a0\u00bb width=\u00a0\u00bb93%\u00a0\u00bb max_width=\u00a0\u00bb93%\u00a0\u00bb module_alignment=\u00a0\u00bbright\u00a0\u00bb custom_margin=\u00a0\u00bb|||\u00a0\u00bb custom_margin_phone=\u00a0\u00bb|||\u00a0\u00bb custom_margin_last_edited=\u00a0\u00bboff|desktop\u00a0\u00bb custom_padding=\u00a0\u00bb100px|40px|100px|40px|true|true\u00a0\u00bb animation_style=\u00a0\u00bbslide\u00a0\u00bb animation_direction=\u00a0\u00bbright\u00a0\u00bb animation_intensity_slide=\u00a0\u00bb5%\u00a0\u00bb border_radii=\u00a0\u00bb|30px|||30px\u00a0\u00bb box_shadow_style=\u00a0\u00bbpreset3&Prime; box_shadow_vertical=\u00a0\u00bb30px\u00a0\u00bb box_shadow_blur=\u00a0\u00bb80px\u00a0\u00bb box_shadow_spread=\u00a0\u00bb-30px\u00a0\u00bb box_shadow_color=\u00a0\u00bbrgba(102,141,186,0.7)\u00a0\u00bb use_custom_width=\u00a0\u00bbon\u00a0\u00bb width_unit=\u00a0\u00bboff\u00a0\u00bb custom_width_percent=\u00a0\u00bb93%\u00a0\u00bb global_colors_info=\u00a0\u00bb{}\u00a0\u00bb][et_pb_column type=\u00a0\u00bb4_4&Prime; _builder_version=\u00a0\u00bb4.16&Prime; custom_padding=\u00a0\u00bb|||\u00a0\u00bb global_colors_info=\u00a0\u00bb{}\u00a0\u00bb custom_padding__hover=\u00a0\u00bb|||\u00a0\u00bb][et_pb_image src=\u00a0\u00bbhttps:\/\/www.be-harmony.fr\/wp-content\/uploads\/2022\/12\/LOGO_BEHARMONYtitre2022.png\u00a0\u00bb title_text=\u00a0\u00bbLOGO_BEHARMONYtitre2022&Prime; align=\u00a0\u00bbcenter\u00a0\u00bb align_tablet=\u00a0\u00bbcenter\u00a0\u00bb align_phone=\u00a0\u00bbcenter\u00a0\u00bb align_last_edited=\u00a0\u00bbon|desktop\u00a0\u00bb _builder_version=\u00a0\u00bb4.21.2&Prime; height=\u00a0\u00bb234px\u00a0\u00bb global_colors_info=\u00a0\u00bb{}\u00a0\u00bb][\/et_pb_image][et_pb_text _builder_version=\u00a0\u00bb4.21.2&Prime; text_font=\u00a0\u00bbMontserrat|600|||||||\u00a0\u00bb text_text_color=\u00a0\u00bb#000000&Prime; header_font=\u00a0\u00bb||||||||\u00a0\u00bb header_text_color=\u00a0\u00bb#FFFFFF\u00a0\u00bb header_2_font=\u00a0\u00bbMontserrat|600|||||||\u00a0\u00bb header_2_text_align=\u00a0\u00bbcenter\u00a0\u00bb header_2_text_color=\u00a0\u00bb#FFFFFF\u00a0\u00bb header_2_font_size=\u00a0\u00bb55px\u00a0\u00bb header_2_line_height=\u00a0\u00bb1.4em\u00a0\u00bb max_width=\u00a0\u00bb900px\u00a0\u00bb module_alignment=\u00a0\u00bbcenter\u00a0\u00bb header_2_font_size_tablet=\u00a0\u00bb40px\u00a0\u00bb header_2_font_size_phone=\u00a0\u00bb30px\u00a0\u00bb header_2_font_size_last_edited=\u00a0\u00bbon|phone\u00a0\u00bb global_colors_info=\u00a0\u00bb{}\u00a0\u00bb]<\/p>\n<h2>Une question ?<\/h2>\n<p>[\/et_pb_text][et_pb_text _builder_version=\u00a0\u00bb4.16&Prime; text_font=\u00a0\u00bbMontserrat|300|||||||\u00a0\u00bb text_font_size=\u00a0\u00bb22px\u00a0\u00bb header_font=\u00a0\u00bb||||||||\u00a0\u00bb text_orientation=\u00a0\u00bbcenter\u00a0\u00bb background_layout=\u00a0\u00bbdark\u00a0\u00bb global_colors_info=\u00a0\u00bb{}\u00a0\u00bb]<\/p>\n<p>Nous vous contacterons au plus vite.<\/p>\n<p>[\/et_pb_text][wpforms_selector form_id=\u00a0\u00bb1376&Prime; _builder_version=\u00a0\u00bb4.22.0&Prime; _module_preset=\u00a0\u00bbdefault\u00a0\u00bb module_alignment=\u00a0\u00bbcenter\u00a0\u00bb global_colors_info=\u00a0\u00bb{}\u00a0\u00bb][\/wpforms_selector][\/et_pb_column][\/et_pb_row][\/et_pb_section]<\/p>\n","protected":false},"excerpt":{"rendered":"<p>ARR\u00caTER DE FUMER POUR \u00caTRE \u00c9CORESPONSABLE !Le tabac tue, tout le monde le sait, ce n\u2019est pas faute d\u2019en parler ! Au-del\u00e0 des risques sanitaires, d\u00e9j\u00e0 d\u00e8s sa production,le tabac laisse des traces nocives pour la plan\u00e8te. Le tabac joue un r\u00f4le important sur la d\u00e9forestation et sur la pollution.Le tabagisme d\u00e9truit l\u2019environnement. Le saviez-vous [&hellip;]<\/p>\n","protected":false},"author":2,"featured_media":793,"comment_status":"open","ping_status":"open","sticky":false,"template":"","format":"standard","meta":{"_et_pb_use_builder":"on","_et_pb_old_content":"","_et_gb_content_width":"","jetpack_post_was_ever_published":false,"footnotes":""},"categories":[11,12],"tags":[],"class_list":["post-1488","post","type-post","status-publish","format-standard","has-post-thumbnail","hentry","category-news","category-tabac"],"yoast_head":"<!-- This site is optimized with the Yoast SEO plugin v27.4 - https:\/\/yoast.com\/product\/yoast-seo-wordpress\/ -->\n<title>ARR\u00caTER DE FUMER POUR \u00caTRE \u00c9CORESPONSABLE ! - Be-Harmony<\/title>\n<meta name=\"robots\" content=\"index, follow, max-snippet:-1, max-image-preview:large, max-video-preview:-1\" \/>\n<link rel=\"canonical\" href=\"https:\/\/www.be-harmony.fr\/accueil\/blog\/arreter-de-fumer-pour-etre-ecoresponsable\/\" \/>\n<meta property=\"og:locale\" content=\"fr_FR\" \/>\n<meta property=\"og:type\" content=\"article\" \/>\n<meta property=\"og:title\" content=\"ARR\u00caTER DE FUMER POUR \u00caTRE \u00c9CORESPONSABLE ! - Be-Harmony\" \/>\n<meta property=\"og:description\" content=\"ARR\u00caTER DE FUMER POUR \u00caTRE \u00c9CORESPONSABLE !Le tabac tue, tout le monde le sait, ce n\u2019est pas faute d\u2019en parler ! Au-del\u00e0 des risques sanitaires, d\u00e9j\u00e0 d\u00e8s sa production,le tabac laisse des traces nocives pour la plan\u00e8te. Le tabac joue un r\u00f4le important sur la d\u00e9forestation et sur la pollution.Le tabagisme d\u00e9truit l\u2019environnement. Le saviez-vous [&hellip;]\" \/>\n<meta property=\"og:url\" content=\"https:\/\/www.be-harmony.fr\/accueil\/blog\/arreter-de-fumer-pour-etre-ecoresponsable\/\" \/>\n<meta property=\"og:site_name\" content=\"Be-Harmony\" \/>\n<meta property=\"article:publisher\" content=\"https:\/\/www.facebook.com\/Harmonytherapielaser.beharmony\" \/>\n<meta property=\"article:published_time\" content=\"2023-08-19T12:53:18+00:00\" \/>\n<meta property=\"article:modified_time\" content=\"2023-10-16T18:51:07+00:00\" \/>\n<meta property=\"og:image\" content=\"https:\/\/www.be-harmony.fr\/wp-content\/uploads\/2023\/04\/pexels-pok-rie-3923721-scaled.jpg\" \/>\n\t<meta property=\"og:image:width\" content=\"2560\" \/>\n\t<meta property=\"og:image:height\" content=\"1706\" \/>\n\t<meta property=\"og:image:type\" content=\"image\/jpeg\" \/>\n<meta name=\"author\" content=\"Be-Harmony\" \/>\n<meta name=\"twitter:card\" content=\"summary_large_image\" \/>\n<meta name=\"twitter:label1\" content=\"\u00c9crit par\" \/>\n\t<meta name=\"twitter:data1\" content=\"Be-Harmony\" \/>\n\t<meta name=\"twitter:label2\" content=\"Dur\u00e9e de lecture estim\u00e9e\" \/>\n\t<meta name=\"twitter:data2\" content=\"4 minutes\" \/>\n<script type=\"application\/ld+json\" class=\"yoast-schema-graph\">{\"@context\":\"https:\\\/\\\/schema.org\",\"@graph\":[{\"@type\":\"Article\",\"@id\":\"https:\\\/\\\/www.be-harmony.fr\\\/accueil\\\/blog\\\/arreter-de-fumer-pour-etre-ecoresponsable\\\/#article\",\"isPartOf\":{\"@id\":\"https:\\\/\\\/www.be-harmony.fr\\\/accueil\\\/blog\\\/arreter-de-fumer-pour-etre-ecoresponsable\\\/\"},\"author\":{\"name\":\"Be-Harmony\",\"@id\":\"https:\\\/\\\/www.be-harmony.fr\\\/accueil\\\/#\\\/schema\\\/person\\\/5da4268820a1eb02fe91d2801f47a063\"},\"headline\":\"ARR\u00caTER DE FUMER POUR \u00caTRE \u00c9CORESPONSABLE !\",\"datePublished\":\"2023-08-19T12:53:18+00:00\",\"dateModified\":\"2023-10-16T18:51:07+00:00\",\"mainEntityOfPage\":{\"@id\":\"https:\\\/\\\/www.be-harmony.fr\\\/accueil\\\/blog\\\/arreter-de-fumer-pour-etre-ecoresponsable\\\/\"},\"wordCount\":1619,\"commentCount\":0,\"publisher\":{\"@id\":\"https:\\\/\\\/www.be-harmony.fr\\\/accueil\\\/#organization\"},\"image\":{\"@id\":\"https:\\\/\\\/www.be-harmony.fr\\\/accueil\\\/blog\\\/arreter-de-fumer-pour-etre-ecoresponsable\\\/#primaryimage\"},\"thumbnailUrl\":\"https:\\\/\\\/www.be-harmony.fr\\\/wp-content\\\/uploads\\\/2023\\\/04\\\/pexels-pok-rie-3923721-scaled.jpg\",\"articleSection\":[\"News\",\"Tabac\"],\"inLanguage\":\"fr-FR\",\"potentialAction\":[{\"@type\":\"CommentAction\",\"name\":\"Comment\",\"target\":[\"https:\\\/\\\/www.be-harmony.fr\\\/accueil\\\/blog\\\/arreter-de-fumer-pour-etre-ecoresponsable\\\/#respond\"]}]},{\"@type\":\"WebPage\",\"@id\":\"https:\\\/\\\/www.be-harmony.fr\\\/accueil\\\/blog\\\/arreter-de-fumer-pour-etre-ecoresponsable\\\/\",\"url\":\"https:\\\/\\\/www.be-harmony.fr\\\/accueil\\\/blog\\\/arreter-de-fumer-pour-etre-ecoresponsable\\\/\",\"name\":\"ARR\u00caTER DE FUMER POUR \u00caTRE \u00c9CORESPONSABLE ! - Be-Harmony\",\"isPartOf\":{\"@id\":\"https:\\\/\\\/www.be-harmony.fr\\\/accueil\\\/#website\"},\"primaryImageOfPage\":{\"@id\":\"https:\\\/\\\/www.be-harmony.fr\\\/accueil\\\/blog\\\/arreter-de-fumer-pour-etre-ecoresponsable\\\/#primaryimage\"},\"image\":{\"@id\":\"https:\\\/\\\/www.be-harmony.fr\\\/accueil\\\/blog\\\/arreter-de-fumer-pour-etre-ecoresponsable\\\/#primaryimage\"},\"thumbnailUrl\":\"https:\\\/\\\/www.be-harmony.fr\\\/wp-content\\\/uploads\\\/2023\\\/04\\\/pexels-pok-rie-3923721-scaled.jpg\",\"datePublished\":\"2023-08-19T12:53:18+00:00\",\"dateModified\":\"2023-10-16T18:51:07+00:00\",\"breadcrumb\":{\"@id\":\"https:\\\/\\\/www.be-harmony.fr\\\/accueil\\\/blog\\\/arreter-de-fumer-pour-etre-ecoresponsable\\\/#breadcrumb\"},\"inLanguage\":\"fr-FR\",\"potentialAction\":[{\"@type\":\"ReadAction\",\"target\":[\"https:\\\/\\\/www.be-harmony.fr\\\/accueil\\\/blog\\\/arreter-de-fumer-pour-etre-ecoresponsable\\\/\"]}]},{\"@type\":\"ImageObject\",\"inLanguage\":\"fr-FR\",\"@id\":\"https:\\\/\\\/www.be-harmony.fr\\\/accueil\\\/blog\\\/arreter-de-fumer-pour-etre-ecoresponsable\\\/#primaryimage\",\"url\":\"https:\\\/\\\/www.be-harmony.fr\\\/wp-content\\\/uploads\\\/2023\\\/04\\\/pexels-pok-rie-3923721-scaled.jpg\",\"contentUrl\":\"https:\\\/\\\/www.be-harmony.fr\\\/wp-content\\\/uploads\\\/2023\\\/04\\\/pexels-pok-rie-3923721-scaled.jpg\",\"width\":2560,\"height\":1706,\"caption\":\"Images foret beharmony\"},{\"@type\":\"BreadcrumbList\",\"@id\":\"https:\\\/\\\/www.be-harmony.fr\\\/accueil\\\/blog\\\/arreter-de-fumer-pour-etre-ecoresponsable\\\/#breadcrumb\",\"itemListElement\":[{\"@type\":\"ListItem\",\"position\":1,\"name\":\"Accueil\",\"item\":\"https:\\\/\\\/www.be-harmony.fr\\\/accueil\\\/\"},{\"@type\":\"ListItem\",\"position\":2,\"name\":\"ARR\u00caTER DE FUMER POUR \u00caTRE \u00c9CORESPONSABLE !\"}]},{\"@type\":\"WebSite\",\"@id\":\"https:\\\/\\\/www.be-harmony.fr\\\/accueil\\\/#website\",\"url\":\"https:\\\/\\\/www.be-harmony.fr\\\/accueil\\\/\",\"name\":\"Be-Harmony\",\"description\":\"Arr\u00eater de fumer gr\u00e2ce au laser\",\"publisher\":{\"@id\":\"https:\\\/\\\/www.be-harmony.fr\\\/accueil\\\/#organization\"},\"potentialAction\":[{\"@type\":\"SearchAction\",\"target\":{\"@type\":\"EntryPoint\",\"urlTemplate\":\"https:\\\/\\\/www.be-harmony.fr\\\/accueil\\\/?s={search_term_string}\"},\"query-input\":{\"@type\":\"PropertyValueSpecification\",\"valueRequired\":true,\"valueName\":\"search_term_string\"}}],\"inLanguage\":\"fr-FR\"},{\"@type\":\"Organization\",\"@id\":\"https:\\\/\\\/www.be-harmony.fr\\\/accueil\\\/#organization\",\"name\":\"Be-Harmony\",\"url\":\"https:\\\/\\\/www.be-harmony.fr\\\/accueil\\\/\",\"logo\":{\"@type\":\"ImageObject\",\"inLanguage\":\"fr-FR\",\"@id\":\"https:\\\/\\\/www.be-harmony.fr\\\/accueil\\\/#\\\/schema\\\/logo\\\/image\\\/\",\"url\":\"https:\\\/\\\/www.be-harmony.fr\\\/wp-content\\\/uploads\\\/2022\\\/12\\\/LOGO_BEHARMONYtitre2022.png\",\"contentUrl\":\"https:\\\/\\\/www.be-harmony.fr\\\/wp-content\\\/uploads\\\/2022\\\/12\\\/LOGO_BEHARMONYtitre2022.png\",\"width\":591,\"height\":591,\"caption\":\"Be-Harmony\"},\"image\":{\"@id\":\"https:\\\/\\\/www.be-harmony.fr\\\/accueil\\\/#\\\/schema\\\/logo\\\/image\\\/\"},\"sameAs\":[\"https:\\\/\\\/www.facebook.com\\\/Harmonytherapielaser.beharmony\"]},{\"@type\":\"Person\",\"@id\":\"https:\\\/\\\/www.be-harmony.fr\\\/accueil\\\/#\\\/schema\\\/person\\\/5da4268820a1eb02fe91d2801f47a063\",\"name\":\"Be-Harmony\",\"image\":{\"@type\":\"ImageObject\",\"inLanguage\":\"fr-FR\",\"@id\":\"https:\\\/\\\/secure.gravatar.com\\\/avatar\\\/87eb4093609afef3758e3a17cae191a4228cebfaf5e056a4b16626f0508700e0?s=96&d=monsterid&r=g\",\"url\":\"https:\\\/\\\/secure.gravatar.com\\\/avatar\\\/87eb4093609afef3758e3a17cae191a4228cebfaf5e056a4b16626f0508700e0?s=96&d=monsterid&r=g\",\"contentUrl\":\"https:\\\/\\\/secure.gravatar.com\\\/avatar\\\/87eb4093609afef3758e3a17cae191a4228cebfaf5e056a4b16626f0508700e0?s=96&d=monsterid&r=g\",\"caption\":\"Be-Harmony\"},\"sameAs\":[\"http:\\\/\\\/be-harmony.fr\"],\"url\":\"https:\\\/\\\/www.be-harmony.fr\\\/accueil\\\/blog\\\/author\\\/f-lagard\\\/\"}]}<\/script>\n<!-- \/ Yoast SEO plugin. -->","yoast_head_json":{"title":"ARR\u00caTER DE FUMER POUR \u00caTRE \u00c9CORESPONSABLE ! - Be-Harmony","robots":{"index":"index","follow":"follow","max-snippet":"max-snippet:-1","max-image-preview":"max-image-preview:large","max-video-preview":"max-video-preview:-1"},"canonical":"https:\/\/www.be-harmony.fr\/accueil\/blog\/arreter-de-fumer-pour-etre-ecoresponsable\/","og_locale":"fr_FR","og_type":"article","og_title":"ARR\u00caTER DE FUMER POUR \u00caTRE \u00c9CORESPONSABLE ! - Be-Harmony","og_description":"ARR\u00caTER DE FUMER POUR \u00caTRE \u00c9CORESPONSABLE !Le tabac tue, tout le monde le sait, ce n\u2019est pas faute d\u2019en parler ! Au-del\u00e0 des risques sanitaires, d\u00e9j\u00e0 d\u00e8s sa production,le tabac laisse des traces nocives pour la plan\u00e8te. Le tabac joue un r\u00f4le important sur la d\u00e9forestation et sur la pollution.Le tabagisme d\u00e9truit l\u2019environnement. Le saviez-vous [&hellip;]","og_url":"https:\/\/www.be-harmony.fr\/accueil\/blog\/arreter-de-fumer-pour-etre-ecoresponsable\/","og_site_name":"Be-Harmony","article_publisher":"https:\/\/www.facebook.com\/Harmonytherapielaser.beharmony","article_published_time":"2023-08-19T12:53:18+00:00","article_modified_time":"2023-10-16T18:51:07+00:00","og_image":[{"width":2560,"height":1706,"url":"https:\/\/www.be-harmony.fr\/wp-content\/uploads\/2023\/04\/pexels-pok-rie-3923721-scaled.jpg","type":"image\/jpeg"}],"author":"Be-Harmony","twitter_card":"summary_large_image","twitter_misc":{"\u00c9crit par":"Be-Harmony","Dur\u00e9e de lecture estim\u00e9e":"4 minutes"},"schema":{"@context":"https:\/\/schema.org","@graph":[{"@type":"Article","@id":"https:\/\/www.be-harmony.fr\/accueil\/blog\/arreter-de-fumer-pour-etre-ecoresponsable\/#article","isPartOf":{"@id":"https:\/\/www.be-harmony.fr\/accueil\/blog\/arreter-de-fumer-pour-etre-ecoresponsable\/"},"author":{"name":"Be-Harmony","@id":"https:\/\/www.be-harmony.fr\/accueil\/#\/schema\/person\/5da4268820a1eb02fe91d2801f47a063"},"headline":"ARR\u00caTER DE FUMER POUR \u00caTRE \u00c9CORESPONSABLE !","datePublished":"2023-08-19T12:53:18+00:00","dateModified":"2023-10-16T18:51:07+00:00","mainEntityOfPage":{"@id":"https:\/\/www.be-harmony.fr\/accueil\/blog\/arreter-de-fumer-pour-etre-ecoresponsable\/"},"wordCount":1619,"commentCount":0,"publisher":{"@id":"https:\/\/www.be-harmony.fr\/accueil\/#organization"},"image":{"@id":"https:\/\/www.be-harmony.fr\/accueil\/blog\/arreter-de-fumer-pour-etre-ecoresponsable\/#primaryimage"},"thumbnailUrl":"https:\/\/www.be-harmony.fr\/wp-content\/uploads\/2023\/04\/pexels-pok-rie-3923721-scaled.jpg","articleSection":["News","Tabac"],"inLanguage":"fr-FR","potentialAction":[{"@type":"CommentAction","name":"Comment","target":["https:\/\/www.be-harmony.fr\/accueil\/blog\/arreter-de-fumer-pour-etre-ecoresponsable\/#respond"]}]},{"@type":"WebPage","@id":"https:\/\/www.be-harmony.fr\/accueil\/blog\/arreter-de-fumer-pour-etre-ecoresponsable\/","url":"https:\/\/www.be-harmony.fr\/accueil\/blog\/arreter-de-fumer-pour-etre-ecoresponsable\/","name":"ARR\u00caTER DE FUMER POUR \u00caTRE \u00c9CORESPONSABLE ! - Be-Harmony","isPartOf":{"@id":"https:\/\/www.be-harmony.fr\/accueil\/#website"},"primaryImageOfPage":{"@id":"https:\/\/www.be-harmony.fr\/accueil\/blog\/arreter-de-fumer-pour-etre-ecoresponsable\/#primaryimage"},"image":{"@id":"https:\/\/www.be-harmony.fr\/accueil\/blog\/arreter-de-fumer-pour-etre-ecoresponsable\/#primaryimage"},"thumbnailUrl":"https:\/\/www.be-harmony.fr\/wp-content\/uploads\/2023\/04\/pexels-pok-rie-3923721-scaled.jpg","datePublished":"2023-08-19T12:53:18+00:00","dateModified":"2023-10-16T18:51:07+00:00","breadcrumb":{"@id":"https:\/\/www.be-harmony.fr\/accueil\/blog\/arreter-de-fumer-pour-etre-ecoresponsable\/#breadcrumb"},"inLanguage":"fr-FR","potentialAction":[{"@type":"ReadAction","target":["https:\/\/www.be-harmony.fr\/accueil\/blog\/arreter-de-fumer-pour-etre-ecoresponsable\/"]}]},{"@type":"ImageObject","inLanguage":"fr-FR","@id":"https:\/\/www.be-harmony.fr\/accueil\/blog\/arreter-de-fumer-pour-etre-ecoresponsable\/#primaryimage","url":"https:\/\/www.be-harmony.fr\/wp-content\/uploads\/2023\/04\/pexels-pok-rie-3923721-scaled.jpg","contentUrl":"https:\/\/www.be-harmony.fr\/wp-content\/uploads\/2023\/04\/pexels-pok-rie-3923721-scaled.jpg","width":2560,"height":1706,"caption":"Images foret beharmony"},{"@type":"BreadcrumbList","@id":"https:\/\/www.be-harmony.fr\/accueil\/blog\/arreter-de-fumer-pour-etre-ecoresponsable\/#breadcrumb","itemListElement":[{"@type":"ListItem","position":1,"name":"Accueil","item":"https:\/\/www.be-harmony.fr\/accueil\/"},{"@type":"ListItem","position":2,"name":"ARR\u00caTER DE FUMER POUR \u00caTRE \u00c9CORESPONSABLE !"}]},{"@type":"WebSite","@id":"https:\/\/www.be-harmony.fr\/accueil\/#website","url":"https:\/\/www.be-harmony.fr\/accueil\/","name":"Be-Harmony","description":"Arr\u00eater de fumer gr\u00e2ce au laser","publisher":{"@id":"https:\/\/www.be-harmony.fr\/accueil\/#organization"},"potentialAction":[{"@type":"SearchAction","target":{"@type":"EntryPoint","urlTemplate":"https:\/\/www.be-harmony.fr\/accueil\/?s={search_term_string}"},"query-input":{"@type":"PropertyValueSpecification","valueRequired":true,"valueName":"search_term_string"}}],"inLanguage":"fr-FR"},{"@type":"Organization","@id":"https:\/\/www.be-harmony.fr\/accueil\/#organization","name":"Be-Harmony","url":"https:\/\/www.be-harmony.fr\/accueil\/","logo":{"@type":"ImageObject","inLanguage":"fr-FR","@id":"https:\/\/www.be-harmony.fr\/accueil\/#\/schema\/logo\/image\/","url":"https:\/\/www.be-harmony.fr\/wp-content\/uploads\/2022\/12\/LOGO_BEHARMONYtitre2022.png","contentUrl":"https:\/\/www.be-harmony.fr\/wp-content\/uploads\/2022\/12\/LOGO_BEHARMONYtitre2022.png","width":591,"height":591,"caption":"Be-Harmony"},"image":{"@id":"https:\/\/www.be-harmony.fr\/accueil\/#\/schema\/logo\/image\/"},"sameAs":["https:\/\/www.facebook.com\/Harmonytherapielaser.beharmony"]},{"@type":"Person","@id":"https:\/\/www.be-harmony.fr\/accueil\/#\/schema\/person\/5da4268820a1eb02fe91d2801f47a063","name":"Be-Harmony","image":{"@type":"ImageObject","inLanguage":"fr-FR","@id":"https:\/\/secure.gravatar.com\/avatar\/87eb4093609afef3758e3a17cae191a4228cebfaf5e056a4b16626f0508700e0?s=96&d=monsterid&r=g","url":"https:\/\/secure.gravatar.com\/avatar\/87eb4093609afef3758e3a17cae191a4228cebfaf5e056a4b16626f0508700e0?s=96&d=monsterid&r=g","contentUrl":"https:\/\/secure.gravatar.com\/avatar\/87eb4093609afef3758e3a17cae191a4228cebfaf5e056a4b16626f0508700e0?s=96&d=monsterid&r=g","caption":"Be-Harmony"},"sameAs":["http:\/\/be-harmony.fr"],"url":"https:\/\/www.be-harmony.fr\/accueil\/blog\/author\/f-lagard\/"}]}},"jetpack_featured_media_url":"https:\/\/www.be-harmony.fr\/wp-content\/uploads\/2023\/04\/pexels-pok-rie-3923721-scaled.jpg","_links":{"self":[{"href":"https:\/\/www.be-harmony.fr\/accueil\/wp-json\/wp\/v2\/posts\/1488","targetHints":{"allow":["GET"]}}],"collection":[{"href":"https:\/\/www.be-harmony.fr\/accueil\/wp-json\/wp\/v2\/posts"}],"about":[{"href":"https:\/\/www.be-harmony.fr\/accueil\/wp-json\/wp\/v2\/types\/post"}],"author":[{"embeddable":true,"href":"https:\/\/www.be-harmony.fr\/accueil\/wp-json\/wp\/v2\/users\/2"}],"replies":[{"embeddable":true,"href":"https:\/\/www.be-harmony.fr\/accueil\/wp-json\/wp\/v2\/comments?post=1488"}],"version-history":[{"count":0,"href":"https:\/\/www.be-harmony.fr\/accueil\/wp-json\/wp\/v2\/posts\/1488\/revisions"}],"wp:featuredmedia":[{"embeddable":true,"href":"https:\/\/www.be-harmony.fr\/accueil\/wp-json\/wp\/v2\/media\/793"}],"wp:attachment":[{"href":"https:\/\/www.be-harmony.fr\/accueil\/wp-json\/wp\/v2\/media?parent=1488"}],"wp:term":[{"taxonomy":"category","embeddable":true,"href":"https:\/\/www.be-harmony.fr\/accueil\/wp-json\/wp\/v2\/categories?post=1488"},{"taxonomy":"post_tag","embeddable":true,"href":"https:\/\/www.be-harmony.fr\/accueil\/wp-json\/wp\/v2\/tags?post=1488"}],"curies":[{"name":"wp","href":"https:\/\/api.w.org\/{rel}","templated":true}]}}