{"id":4497,"date":"2025-06-30T21:06:13","date_gmt":"2025-06-30T19:06:13","guid":{"rendered":"https:\/\/www.be-harmony.fr\/accueil\/?p=4497"},"modified":"2025-06-30T21:09:09","modified_gmt":"2025-06-30T19:09:09","slug":"interdiction-de-fumer-ce-qui-change-au-1%e1%b5%89%ca%b3-juillet-2025","status":"publish","type":"post","link":"https:\/\/www.be-harmony.fr\/accueil\/blog\/interdiction-de-fumer-ce-qui-change-au-1%e1%b5%89%ca%b3-juillet-2025\/","title":{"rendered":"Interdiction de fumer : ce qui change au 1\u1d49\u02b3 juillet 2025"},"content":{"rendered":"<p>[et_pb_section fb_built=\u00a0\u00bb1&Prime; _builder_version=\u00a0\u00bb4.27.4&Prime; _module_preset=\u00a0\u00bbdefault\u00a0\u00bb custom_padding=\u00a0\u00bb||4px|||\u00a0\u00bb global_colors_info=\u00a0\u00bb{}\u00a0\u00bb][et_pb_row _builder_version=\u00a0\u00bb4.27.4&Prime; _module_preset=\u00a0\u00bbdefault\u00a0\u00bb global_colors_info=\u00a0\u00bb{}\u00a0\u00bb][et_pb_column type=\u00a0\u00bb4_4&Prime; _builder_version=\u00a0\u00bb4.27.4&Prime; _module_preset=\u00a0\u00bbdefault\u00a0\u00bb global_colors_info=\u00a0\u00bb{}\u00a0\u00bb][et_pb_text _builder_version=\u00a0\u00bb4.27.4&Prime; _module_preset=\u00a0\u00bbdefault\u00a0\u00bb header_font_size_tablet=\u00a0\u00bb\u00a0\u00bb header_font_size_phone=\u00a0\u00bb25px\u00a0\u00bb header_font_size_last_edited=\u00a0\u00bbon|phone\u00a0\u00bb header_3_font_size_tablet=\u00a0\u00bb\u00a0\u00bb header_3_font_size_phone=\u00a0\u00bb20px\u00a0\u00bb header_3_font_size_last_edited=\u00a0\u00bbon|phone\u00a0\u00bb global_colors_info=\u00a0\u00bb{}\u00a0\u00bb]<\/p>\n<h1 class=\"p1\"><strong>Interdiction de fumer : les nouveaux espaces sans tabac au 1\u1d49\u02b3 juillet 2025<\/strong><\/h1>\n<p>[\/et_pb_text][\/et_pb_column][\/et_pb_row][et_pb_row _builder_version=\u00a0\u00bb4.27.4&Prime; _module_preset=\u00a0\u00bbdefault\u00a0\u00bb global_colors_info=\u00a0\u00bb{}\u00a0\u00bb][et_pb_column type=\u00a0\u00bb4_4&Prime; _builder_version=\u00a0\u00bb4.27.4&Prime; _module_preset=\u00a0\u00bbdefault\u00a0\u00bb global_colors_info=\u00a0\u00bb{}\u00a0\u00bb][et_pb_text _builder_version=\u00a0\u00bb4.27.4&Prime; _module_preset=\u00a0\u00bbdefault\u00a0\u00bb header_font_size_tablet=\u00a0\u00bb\u00a0\u00bb header_font_size_phone=\u00a0\u00bb25px\u00a0\u00bb header_font_size_last_edited=\u00a0\u00bbon|phone\u00a0\u00bb header_3_font_size_tablet=\u00a0\u00bb\u00a0\u00bb header_3_font_size_phone=\u00a0\u00bb20px\u00a0\u00bb header_3_font_size_last_edited=\u00a0\u00bbon|phone\u00a0\u00bb global_colors_info=\u00a0\u00bb{}\u00a0\u00bb]<\/p>\n<h2 class=\"p1\">Le d\u00e9cret n\u00b0 2025-582, publi\u00e9 au <i>Journal officiel<\/i> le 28 juin 2025, marque une nouvelle \u00e9tape de la politique \u00ab g\u00e9n\u00e9ration sans tabac \u00bb. D\u00e8s aujourd\u2019hui, de nombreux lieux ext\u00e9rieurs rejoignent la liste des espaces auxquels il est interdit de fumer.<\/h2>\n<p>[\/et_pb_text][et_pb_divider color=\u00a0\u00bb#92C020&Prime; divider_position=\u00a0\u00bbbottom\u00a0\u00bb _builder_version=\u00a0\u00bb4.27.4&Prime; _module_preset=\u00a0\u00bbdefault\u00a0\u00bb width=\u00a0\u00bb60%\u00a0\u00bb max_width=\u00a0\u00bb60%\u00a0\u00bb module_alignment=\u00a0\u00bbcenter\u00a0\u00bb global_colors_info=\u00a0\u00bb{}\u00a0\u00bb][\/et_pb_divider][\/et_pb_column][\/et_pb_row][\/et_pb_section][et_pb_section fb_built=\u00a0\u00bb1&Prime; _builder_version=\u00a0\u00bb4.27.4&Prime; _module_preset=\u00a0\u00bbdefault\u00a0\u00bb custom_padding=\u00a0\u00bb4px||0px|||\u00a0\u00bb global_colors_info=\u00a0\u00bb{}\u00a0\u00bb][et_pb_row _builder_version=\u00a0\u00bb4.27.4&Prime; _module_preset=\u00a0\u00bbdefault\u00a0\u00bb global_colors_info=\u00a0\u00bb{}\u00a0\u00bb][et_pb_column type=\u00a0\u00bb4_4&Prime; _builder_version=\u00a0\u00bb4.27.4&Prime; _module_preset=\u00a0\u00bbdefault\u00a0\u00bb global_colors_info=\u00a0\u00bb{}\u00a0\u00bb][et_pb_text content_tablet=\u00a0\u00bb<\/p>\n<h3><b>\ud83d\udead <\/b><b>Les nouveaux lieux o\u00f9 il est interdit de fumer :<\/b><\/h3>\n<p>\u00a0<\/p>\n<table style=%22width: 800px; height: 408px;%22>\n<thead>\n<tr style=%22height: 51px;%22>\n<th style=%22width: 430.344px; height: 51px;%22>\n<p class=%22p1%22><b>Cat\u00e9gorie<\/b><\/p>\n<\/th>\n<th style=%22width: 333.938px; height: 51px;%22>\n<p class=%22p1%22><b>P\u00e9rim\u00e8tre concern\u00e9<\/b><\/p>\n<\/th>\n<th style=%22width: 13.7188px; height: 51px;%22>\n<p class=%22p1%22>\n<\/th>\n<\/tr>\n<\/thead>\n<tbody>\n<tr style=%22height: 51px;%22>\n<td style=%22width: 430.344px; height: 51px;%22>\n<p class=%22p1%22><b>Parcs &#038; jardins publics<\/b><\/p>\n<\/td>\n<td style=%22width: 333.938px; height: 51px;%22>\n<p class=%22p1%22>Int\u00e9gralit\u00e9 du site, toute l\u2019ann\u00e9e<\/p>\n<\/td>\n<td style=%22width: 13.7188px; height: 51px;%22>\n<p class=%22p1%22>\n<\/td>\n<\/tr>\n<tr style=%22height: 51px;%22>\n<td style=%22width: 430.344px; height: 51px;%22>\n<p class=%22p1%22><b>Plages<\/b><\/p>\n<\/td>\n<td style=%22width: 333.938px; height: 51px;%22>\n<p class=%22p1%22>Saison baln\u00e9aire (dates fix\u00e9es localement)<\/p>\n<\/td>\n<td style=%22width: 13.7188px; height: 51px;%22>\n<p class=%22p1%22>\n<\/td>\n<\/tr>\n<tr style=%22height: 51px;%22>\n<td style=%22width: 430.344px; height: 51px;%22>\n<p class=%22p1%22><b>Abribus, quais bus\/tram, gares routi\u00e8res<\/b><\/p>\n<\/td>\n<td style=%22width: 333.938px; height: 51px;%22>\n<p class=%22p1%22>Zone d\u2019attente + 10 m<\/p>\n<\/td>\n<td style=%22width: 13.7188px; height: 51px;%22>\n<p class=%22p1%22>\n<\/td>\n<\/tr>\n<tr style=%22height: 51px;%22>\n<td style=%22width: 430.344px; height: 51px;%22>\n<p class=%22p1%22><b>Abords d\u2019\u00e9coles, coll\u00e8ges, lyc\u00e9es<\/b><\/p>\n<\/td>\n<td style=%22width: 333.938px; height: 51px;%22>\n<p class=%22p1%22>Rayon mini 10 m, heures d\u2019ouverture<\/p>\n<\/td>\n<td style=%22width: 13.7188px; height: 51px;%22>\n<p class=%22p1%22>\n<\/td>\n<\/tr>\n<tr style=%22height: 51px;%22>\n<td style=%22width: 430.344px; height: 51px;%22>\n<p class=%22p1%22><b>Cr\u00e8ches, centres a\u00e9r\u00e9s, internats<\/b><\/p>\n<\/td>\n<td style=%22width: 333.938px; height: 51px;%22>\n<p class=%22p1%22>Espaces ext\u00e9rieurs + 10 m<\/p>\n<\/td>\n<td style=%22width: 13.7188px; height: 51px;%22>\n<p class=%22p1%22>\n<\/td>\n<\/tr>\n<tr style=%22height: 51px;%22>\n<td style=%22width: 430.344px; height: 51px;%22>\n<p class=%22p1%22><b>Biblioth\u00e8ques &#038; m\u00e9diath\u00e8ques<\/b><\/p>\n<\/td>\n<td style=%22width: 333.938px; height: 51px;%22>\n<p class=%22p1%22>Parvis + 10 m<\/p>\n<\/td>\n<td style=%22width: 13.7188px; height: 51px;%22>\n<p class=%22p1%22>\n<\/td>\n<\/tr>\n<tr style=%22height: 51px;%22>\n<td style=%22width: 430.344px; height: 51px;%22>\n<p class=%22p1%22><b>Stades, piscines, gymnases<\/b><\/p>\n<\/td>\n<td style=%22width: 333.938px; height: 51px;%22>\n<p class=%22p1%22>Gradins, acc\u00e8s, parkings<\/p>\n<\/td>\n<td style=%22width: 13.7188px; height: 51px;%22>\n<p class=%22p1%22>\n<\/td>\n<\/tr>\n<\/tbody>\n<\/table>\n<p>\u00a0\u00bb content_phone=\u00a0\u00bb<\/p>\n<h3><b>\ud83d\udead <\/b><b>Les nouveaux lieux o\u00f9 il est interdit de fumer :<\/b><\/h3>\n<p>\u00a0<\/p>\n<table class=%22 alignleft%22 style=%22height: 408px; width: 160px;%22>\n<thead>\n<tr style=%22height: 51px;%22>\n<th style=%22width: 308.391px; height: 51px;%22>\n<p class=%22p1%22><b>Cat\u00e9gorie<\/b><\/p>\n<\/th>\n<th style=%22width: 293.062px; height: 51px;%22>\n<p class=%22p1%22><b>P\u00e9rim\u00e8tre concern\u00e9<\/b><\/p>\n<\/th>\n<th style=%22width: 9.54688px; height: 51px;%22>\n<p class=%22p1%22>\n<\/th>\n<\/tr>\n<\/thead>\n<tbody>\n<tr style=%22height: 51px;%22>\n<td style=%22width: 308.391px; height: 51px;%22>\n<p class=%22p1%22><b>Parcs &#038; jardins publics<\/b><\/p>\n<\/td>\n<td style=%22width: 293.062px; height: 51px;%22>\n<p class=%22p1%22>Int\u00e9gralit\u00e9 du site, toute l\u2019ann\u00e9e<\/p>\n<\/td>\n<td style=%22width: 9.54688px; height: 51px;%22>\n<p class=%22p1%22>\n<\/td>\n<\/tr>\n<tr style=%22height: 51px;%22>\n<td style=%22width: 308.391px; height: 51px;%22>\n<p class=%22p1%22><b>Plages<\/b><\/p>\n<\/td>\n<td style=%22width: 293.062px; height: 51px;%22>\n<p class=%22p1%22>Saison baln\u00e9aire (dates fix\u00e9es localement)<\/p>\n<\/td>\n<td style=%22width: 9.54688px; height: 51px;%22>\n<p class=%22p1%22>\n<\/td>\n<\/tr>\n<tr style=%22height: 51px;%22>\n<td style=%22width: 308.391px; height: 51px;%22>\n<p class=%22p1%22><b>Abribus, quais bus\/tram, gares routi\u00e8res<\/b><\/p>\n<\/td>\n<td style=%22width: 293.062px; height: 51px;%22>\n<p class=%22p1%22>Zone d\u2019attente + 10 m<\/p>\n<\/td>\n<td style=%22width: 9.54688px; height: 51px;%22>\n<p class=%22p1%22>\n<\/td>\n<\/tr>\n<tr style=%22height: 51px;%22>\n<td style=%22width: 308.391px; height: 51px;%22>\n<p class=%22p1%22><b>Abords d\u2019\u00e9coles, coll\u00e8ges, lyc\u00e9es<\/b><\/p>\n<\/td>\n<td style=%22width: 293.062px; height: 51px;%22>\n<p class=%22p1%22>Rayon mini 10 m, heures d\u2019ouverture<\/p>\n<\/td>\n<td style=%22width: 9.54688px; height: 51px;%22>\n<p class=%22p1%22>\n<\/td>\n<\/tr>\n<tr style=%22height: 51px;%22>\n<td style=%22width: 308.391px; height: 51px;%22>\n<p class=%22p1%22><b>Cr\u00e8ches, centres a\u00e9r\u00e9s, internats<\/b><\/p>\n<\/td>\n<td style=%22width: 293.062px; height: 51px;%22>\n<p class=%22p1%22>Espaces ext\u00e9rieurs + 10 m<\/p>\n<\/td>\n<td style=%22width: 9.54688px; height: 51px;%22>\n<p class=%22p1%22>\n<\/td>\n<\/tr>\n<tr style=%22height: 51px;%22>\n<td style=%22width: 308.391px; height: 51px;%22>\n<p class=%22p1%22><b>Biblioth\u00e8ques &#038; m\u00e9diath\u00e8ques<\/b><\/p>\n<\/td>\n<td style=%22width: 293.062px; height: 51px;%22>\n<p class=%22p1%22>Parvis + 10 m<\/p>\n<\/td>\n<td style=%22width: 9.54688px; height: 51px;%22>\n<p class=%22p1%22>\n<\/td>\n<\/tr>\n<tr style=%22height: 51px;%22>\n<td style=%22width: 308.391px; height: 51px;%22>\n<p class=%22p1%22><b>Stades, piscines, gymnases<\/b><\/p>\n<\/td>\n<td style=%22width: 293.062px; height: 51px;%22>\n<p class=%22p1%22>Gradins, acc\u00e8s, parkings<\/p>\n<\/td>\n<td style=%22width: 9.54688px; height: 51px;%22>\n<p class=%22p1%22>\n<\/td>\n<\/tr>\n<\/tbody>\n<\/table>\n<p>\u00a0\u00bb content_last_edited=\u00a0\u00bbon|phone\u00a0\u00bb _builder_version=\u00a0\u00bb4.27.4&Prime; _module_preset=\u00a0\u00bbdefault\u00a0\u00bb header_font_size_tablet=\u00a0\u00bb\u00a0\u00bb header_font_size_phone=\u00a0\u00bb25px\u00a0\u00bb header_font_size_last_edited=\u00a0\u00bbon|phone\u00a0\u00bb header_3_font_size_tablet=\u00a0\u00bb\u00a0\u00bb header_3_font_size_phone=\u00a0\u00bb20px\u00a0\u00bb header_3_font_size_last_edited=\u00a0\u00bbon|phone\u00a0\u00bb global_colors_info=\u00a0\u00bb{}\u00a0\u00bb]<\/p>\n<h3><b>\ud83d\udead <\/b><b>Les nouveaux lieux o\u00f9 il est interdit de fumer :<\/b><\/h3>\n<p>&nbsp;<\/p>\n<table style=\"width: 800px; height: 408px;\">\n<thead>\n<tr style=\"height: 51px;\">\n<th style=\"width: 430.344px; height: 51px;\">\n<p class=\"p1\"><b>Cat\u00e9gorie<\/b><\/p>\n<\/th>\n<th style=\"width: 333.938px; height: 51px;\">\n<p class=\"p1\"><b>P\u00e9rim\u00e8tre concern\u00e9<\/b><\/p>\n<\/th>\n<th style=\"width: 13.7188px; height: 51px;\">\n<p class=\"p1\">\n<\/th>\n<\/tr>\n<\/thead>\n<tbody>\n<tr style=\"height: 51px;\">\n<td style=\"width: 430.344px; height: 51px;\">\n<p class=\"p1\"><b>Parcs &amp; jardins publics<\/b><\/p>\n<\/td>\n<td style=\"width: 333.938px; height: 51px;\">\n<p class=\"p1\">Int\u00e9gralit\u00e9 du site, toute l\u2019ann\u00e9e<\/p>\n<\/td>\n<td style=\"width: 13.7188px; height: 51px;\">\n<p class=\"p1\">\n<\/td>\n<\/tr>\n<tr style=\"height: 51px;\">\n<td style=\"width: 430.344px; height: 51px;\">\n<p class=\"p1\"><b>Plages<\/b><\/p>\n<\/td>\n<td style=\"width: 333.938px; height: 51px;\">\n<p class=\"p1\">Saison baln\u00e9aire (dates fix\u00e9es localement)<\/p>\n<\/td>\n<td style=\"width: 13.7188px; height: 51px;\">\n<p class=\"p1\">\n<\/td>\n<\/tr>\n<tr style=\"height: 51px;\">\n<td style=\"width: 430.344px; height: 51px;\">\n<p class=\"p1\"><b>Abribus, quais bus\/tram, gares routi\u00e8res<\/b><\/p>\n<\/td>\n<td style=\"width: 333.938px; height: 51px;\">\n<p class=\"p1\">Zone d\u2019attente + 10 m<\/p>\n<\/td>\n<td style=\"width: 13.7188px; height: 51px;\">\n<p class=\"p1\">\n<\/td>\n<\/tr>\n<tr style=\"height: 51px;\">\n<td style=\"width: 430.344px; height: 51px;\">\n<p class=\"p1\"><b>Abords d\u2019\u00e9coles, coll\u00e8ges, lyc\u00e9es<\/b><\/p>\n<\/td>\n<td style=\"width: 333.938px; height: 51px;\">\n<p class=\"p1\">Rayon mini 10 m, heures d\u2019ouverture<\/p>\n<\/td>\n<td style=\"width: 13.7188px; height: 51px;\">\n<p class=\"p1\">\n<\/td>\n<\/tr>\n<tr style=\"height: 51px;\">\n<td style=\"width: 430.344px; height: 51px;\">\n<p class=\"p1\"><b>Cr\u00e8ches, centres a\u00e9r\u00e9s, internats<\/b><\/p>\n<\/td>\n<td style=\"width: 333.938px; height: 51px;\">\n<p class=\"p1\">Espaces ext\u00e9rieurs + 10 m<\/p>\n<\/td>\n<td style=\"width: 13.7188px; height: 51px;\">\n<p class=\"p1\">\n<\/td>\n<\/tr>\n<tr style=\"height: 51px;\">\n<td style=\"width: 430.344px; height: 51px;\">\n<p class=\"p1\"><b>Biblioth\u00e8ques &amp; m\u00e9diath\u00e8ques<\/b><\/p>\n<\/td>\n<td style=\"width: 333.938px; height: 51px;\">\n<p class=\"p1\">Parvis + 10 m<\/p>\n<\/td>\n<td style=\"width: 13.7188px; height: 51px;\">\n<p class=\"p1\">\n<\/td>\n<\/tr>\n<tr style=\"height: 51px;\">\n<td style=\"width: 430.344px; height: 51px;\">\n<p class=\"p1\"><b>Stades, piscines, gymnases<\/b><\/p>\n<\/td>\n<td style=\"width: 333.938px; height: 51px;\">\n<p class=\"p1\">Gradins, acc\u00e8s, parkings<\/p>\n<\/td>\n<td style=\"width: 13.7188px; height: 51px;\">\n<p class=\"p1\">\n<\/td>\n<\/tr>\n<\/tbody>\n<\/table>\n<p>[\/et_pb_text][et_pb_divider color=\u00a0\u00bb#92C020&Prime; divider_position=\u00a0\u00bbbottom\u00a0\u00bb _builder_version=\u00a0\u00bb4.27.4&Prime; _module_preset=\u00a0\u00bbdefault\u00a0\u00bb width=\u00a0\u00bb60%\u00a0\u00bb max_width=\u00a0\u00bb60%\u00a0\u00bb module_alignment=\u00a0\u00bbcenter\u00a0\u00bb global_colors_info=\u00a0\u00bb{}\u00a0\u00bb][\/et_pb_divider][\/et_pb_column][\/et_pb_row][et_pb_row _builder_version=\u00a0\u00bb4.27.4&Prime; _module_preset=\u00a0\u00bbdefault\u00a0\u00bb global_colors_info=\u00a0\u00bb{}\u00a0\u00bb][et_pb_column type=\u00a0\u00bb4_4&Prime; _builder_version=\u00a0\u00bb4.27.4&Prime; _module_preset=\u00a0\u00bbdefault\u00a0\u00bb global_colors_info=\u00a0\u00bb{}\u00a0\u00bb][et_pb_text _builder_version=\u00a0\u00bb4.27.4&Prime; _module_preset=\u00a0\u00bbdefault\u00a0\u00bb header_font_size_tablet=\u00a0\u00bb\u00a0\u00bb header_font_size_phone=\u00a0\u00bb25px\u00a0\u00bb header_font_size_last_edited=\u00a0\u00bbon|phone\u00a0\u00bb header_3_font_size_tablet=\u00a0\u00bb\u00a0\u00bb header_3_font_size_phone=\u00a0\u00bb20px\u00a0\u00bb header_3_font_size_last_edited=\u00a0\u00bbon|phone\u00a0\u00bb global_colors_info=\u00a0\u00bb{}\u00a0\u00bb]<\/p>\n<h3><b>\ud83d\udcb8\u00a0 <\/b><b>Sanctions : ce que risque un fumeur<\/b><\/h3>\n<p>&nbsp;<\/p>\n<ul>\n<li>\n<p class=\"p1\"><span class=\"s1\"><b>Amende imm\u00e9diate : 135 \u20ac<\/b><\/span> (contravention 4\u1d49 classe).<\/p>\n<\/li>\n<li>\n<p class=\"p1\"><span class=\"s1\"><b>R\u00e9cidive<\/b><\/span> : jusqu\u2019\u00e0 750 \u20ac.<\/p>\n<\/li>\n<\/ul>\n<p>[\/et_pb_text][\/et_pb_column][\/et_pb_row][et_pb_row _builder_version=\u00a0\u00bb4.27.4&Prime; _module_preset=\u00a0\u00bbdefault\u00a0\u00bb custom_margin=\u00a0\u00bb-35px|auto||auto||\u00a0\u00bb global_colors_info=\u00a0\u00bb{}\u00a0\u00bb][et_pb_column type=\u00a0\u00bb4_4&Prime; _builder_version=\u00a0\u00bb4.27.4&Prime; _module_preset=\u00a0\u00bbdefault\u00a0\u00bb global_colors_info=\u00a0\u00bb{}\u00a0\u00bb][et_pb_text _builder_version=\u00a0\u00bb4.27.4&Prime; _module_preset=\u00a0\u00bbdefault\u00a0\u00bb header_font_size_tablet=\u00a0\u00bb\u00a0\u00bb header_font_size_phone=\u00a0\u00bb25px\u00a0\u00bb header_font_size_last_edited=\u00a0\u00bbon|phone\u00a0\u00bb header_3_font_size_tablet=\u00a0\u00bb\u00a0\u00bb header_3_font_size_phone=\u00a0\u00bb20px\u00a0\u00bb header_3_font_size_last_edited=\u00a0\u00bbon|phone\u00a0\u00bb global_colors_info=\u00a0\u00bb{}\u00a0\u00bb]<\/p>\n<h3><b>Pourquoi le gouvernement acc\u00e9l\u00e8re ?<\/p>\n<p><\/b><\/h3>\n<p>&nbsp;<\/p>\n<ul>\n<li class=\"p1\"><span class=\"s1\"><b>Prot\u00e9ger les enfants<\/b><\/span> : 3 000 \u00e0 5 000 d\u00e9c\u00e8s\/an li\u00e9s \u00e0 la fum\u00e9e passive, souvent subis par les plus jeunes.<span class=\"Apple-converted-space\">\u00a0 <\/span><\/li>\n<li class=\"p1\"><span class=\"s1\"><b>D\u00e9normaliser l\u2019acte<\/b><\/span> : moins de cigarettes visibles, moins d\u2019initiation.<\/li>\n<li class=\"p1\"><span class=\"s1\"><b>Objectif \u00ab g\u00e9n\u00e9ration sans tabac 2032 \u00bb<\/b><\/span> inscrit dans le Programme national de lutte contre le tabac 2023-2027.<\/li>\n<\/ul>\n<p>[\/et_pb_text][et_pb_text _builder_version=\u00a0\u00bb4.27.4&Prime; _module_preset=\u00a0\u00bbdefault\u00a0\u00bb header_font_size_tablet=\u00a0\u00bb\u00a0\u00bb header_font_size_phone=\u00a0\u00bb25px\u00a0\u00bb header_font_size_last_edited=\u00a0\u00bbon|phone\u00a0\u00bb header_3_font_size_tablet=\u00a0\u00bb\u00a0\u00bb header_3_font_size_phone=\u00a0\u00bb20px\u00a0\u00bb header_3_font_size_last_edited=\u00a0\u00bbon|phone\u00a0\u00bb global_colors_info=\u00a0\u00bb{}\u00a0\u00bb]<\/p>\n<h3><b>Ce que le texte <\/b><b>ne <\/b><b>couvre pas<\/b><\/h3>\n<p>&nbsp;<\/p>\n<ul>\n<li>\n<p class=\"p1\"><span class=\"s1\"><b>Cigarette \u00e9lectronique<\/b><\/span> : aucune mention dans le d\u00e9cret. Les vapoteurs restent soumis aux r\u00e8gles ant\u00e9rieures (interdictions de fumer en int\u00e9rieur, dans certains transports, etc.).<span class=\"Apple-converted-space\">\u00a0 <\/span><\/p>\n<\/li>\n<li>\n<p class=\"p1\"><span class=\"s1\"><b>Terrasses de caf\u00e9s &amp; restaurants<\/b><\/span> : toujours autoris\u00e9es, sauf arr\u00eat\u00e9 municipal plus strict.<span class=\"Apple-converted-space\">\u00a0 <\/span><\/p>\n<\/li>\n<li>\n<p class=\"p1\"><span class=\"s1\"><b>Voie publique \u00ab classique \u00bb<\/b><\/span> : fumer reste possible hors p\u00e9rim\u00e8tres list\u00e9s ci-dessus, dans le respect des autres usagers.<\/p>\n<\/li>\n<\/ul>\n<p>[\/et_pb_text][et_pb_text _builder_version=\u00a0\u00bb4.27.4&Prime; _module_preset=\u00a0\u00bbdefault\u00a0\u00bb header_font_size_tablet=\u00a0\u00bb\u00a0\u00bb header_font_size_phone=\u00a0\u00bb25px\u00a0\u00bb header_font_size_last_edited=\u00a0\u00bbon|phone\u00a0\u00bb header_3_font_size_tablet=\u00a0\u00bb\u00a0\u00bb header_3_font_size_phone=\u00a0\u00bb20px\u00a0\u00bb header_3_font_size_last_edited=\u00a0\u00bbon|phone\u00a0\u00bb global_colors_info=\u00a0\u00bb{}\u00a0\u00bb]<\/p>\n<h3><b>Que faire si vous fumez encore ?<\/b><\/h3>\n<p>&nbsp;<\/p>\n<p class=\"p1\">Chaque nouveau p\u00e9rim\u00e8tre interdit rend la cigarette <span class=\"s1\"><b>plus compliqu\u00e9e<\/b><\/span> \u00e0 g\u00e9rer au quotidien ; c\u2019est peut-\u00eatre le bon moment pour arr\u00eater.<\/p>\n<p>[\/et_pb_text][et_pb_divider color=\u00a0\u00bb#92C020&Prime; divider_position=\u00a0\u00bbbottom\u00a0\u00bb _builder_version=\u00a0\u00bb4.27.4&Prime; _module_preset=\u00a0\u00bbdefault\u00a0\u00bb width=\u00a0\u00bb60%\u00a0\u00bb max_width=\u00a0\u00bb60%\u00a0\u00bb module_alignment=\u00a0\u00bbcenter\u00a0\u00bb global_colors_info=\u00a0\u00bb{}\u00a0\u00bb][\/et_pb_divider][\/et_pb_column][\/et_pb_row][et_pb_row _builder_version=\u00a0\u00bb4.27.4&Prime; _module_preset=\u00a0\u00bbdefault\u00a0\u00bb global_colors_info=\u00a0\u00bb{}\u00a0\u00bb][et_pb_column type=\u00a0\u00bb4_4&Prime; _builder_version=\u00a0\u00bb4.27.4&Prime; _module_preset=\u00a0\u00bbdefault\u00a0\u00bb global_colors_info=\u00a0\u00bb{}\u00a0\u00bb][et_pb_text _builder_version=\u00a0\u00bb4.27.4&Prime; _module_preset=\u00a0\u00bbdefault\u00a0\u00bb header_font_size_tablet=\u00a0\u00bb\u00a0\u00bb header_font_size_phone=\u00a0\u00bb25px\u00a0\u00bb header_font_size_last_edited=\u00a0\u00bbon|phone\u00a0\u00bb header_3_font_size_tablet=\u00a0\u00bb\u00a0\u00bb header_3_font_size_phone=\u00a0\u00bb20px\u00a0\u00bb header_3_font_size_last_edited=\u00a0\u00bbon|phone\u00a0\u00bb global_colors_info=\u00a0\u00bb{}\u00a0\u00bb]<\/p>\n<h3><b>\ud83d\udcca Calculez vos \u00e9conomies en temps r\u00e9el<\/b><\/h3>\n<p class=\"p3\">\ud83d\udc49 <span class=\"s2\"><b>Utilisez notre simulateur ci-dessous<\/b><\/span> pour d\u00e9couvrir ce que vous pourriez \u00e9conomiser <span class=\"s2\"><b>d\u00e8s aujourd\u2019hui<\/b><\/span> en arr\u00eatant de fumer.<\/p>\n<p class=\"p3\">\ud83d\udca1 En quelques secondes, vous verrez tout ce que vous pourriez vous offrir avec cet argent :<\/p>\n<ul>\n<li>\n<p class=\"p1\">Des vacances<\/p>\n<\/li>\n<li>\n<p class=\"p1\">Un scooter<\/p>\n<\/li>\n<li>\n<p class=\"p1\">Un week-end par mois<\/p>\n<\/li>\n<li>\n<p class=\"p1\">Un ordinateur haut de gamme<\/p>\n<\/li>\n<li>\n<p class=\"p1\">Et bien plus encore<\/p>\n<\/li>\n<\/ul>\n<p>[\/et_pb_text][et_pb_code _builder_version=\u00a0\u00bb4.27.4&Prime; _module_preset=\u00a0\u00bbdefault\u00a0\u00bb locked=\u00a0\u00bboff\u00a0\u00bb global_colors_info=\u00a0\u00bb{}\u00a0\u00bb]<!-- Beharmony \u2013 Calculateur d\u2019\u00e9conomies interactif (v14 \u2013 int\u00e9grit\u00e9 HTML\/CSS) --><!-- [et_pb_line_break_holder] --><!-- [et_pb_line_break_holder] --><\/p>\n<div id=\"bh-saving-calculator\" class=\"bh-calculator\"><!-- [et_pb_line_break_holder] -->  <\/p>\n<h2>Combien pourriez-vous \u00e9conomiser\u00a0?<\/h2>\n<p><!-- [et_pb_line_break_holder] --><!-- [et_pb_line_break_holder] -->  <!-- Contr\u00f4les --><!-- [et_pb_line_break_holder] -->  <\/p>\n<div class=\"bh-controls\"><!-- [et_pb_line_break_holder] -->    <label><!-- [et_pb_line_break_holder] -->      Nombre de cigarettes par jour<!-- [et_pb_line_break_holder] -->      <input type=\"range\" id=\"cigsPerDay\" min=\"0\" max=\"40\" value=\"20\" oninput=\"bhUpdateCalc()\"><!-- [et_pb_line_break_holder] -->      <span id=\"cigsPerDayVal\">20<\/span><!-- [et_pb_line_break_holder] -->    <\/label><!-- [et_pb_line_break_holder] --><!-- [et_pb_line_break_holder] -->    <label><!-- [et_pb_line_break_holder] -->      Nombre de cigarettes dans le paquet<!-- [et_pb_line_break_holder] -->      <\/p>\n<div class=\"bh-pack-size\"><!-- [et_pb_line_break_holder] -->        <input type=\"radio\" name=\"packSize\" id=\"ps20\" value=\"20\" checked onchange=\"bhUpdateCalc()\"><!-- [et_pb_line_break_holder] -->        <label for=\"ps20\">20<\/label><!-- [et_pb_line_break_holder] -->        <input type=\"radio\" name=\"packSize\" id=\"ps25\" value=\"25\" onchange=\"bhUpdateCalc()\"><!-- [et_pb_line_break_holder] -->        <label for=\"ps25\">25<\/label><!-- [et_pb_line_break_holder] -->        <input type=\"radio\" name=\"packSize\" id=\"ps30\" value=\"30\" onchange=\"bhUpdateCalc()\"><!-- [et_pb_line_break_holder] -->        <label for=\"ps30\">30<\/label><!-- [et_pb_line_break_holder] -->      <\/div>\n<p><!-- [et_pb_line_break_holder] -->    <\/label><!-- [et_pb_line_break_holder] --><!-- [et_pb_line_break_holder] -->    <label><!-- [et_pb_line_break_holder] -->      Prix du paquet (\u20ac)<!-- [et_pb_line_break_holder] -->      <input type=\"range\" id=\"packPrice\" min=\"5\" max=\"16\" step=\"0.1\" value=\"12\" oninput=\"bhUpdateCalc()\"><!-- [et_pb_line_break_holder] -->      <span id=\"packPriceVal\">12.00<\/span> \u20ac<!-- [et_pb_line_break_holder] -->    <\/label><!-- [et_pb_line_break_holder] -->  <\/div>\n<p><!-- [et_pb_line_break_holder] --><!-- [et_pb_line_break_holder] -->  <!-- \u00c9conomies principales --><!-- [et_pb_line_break_holder] -->  <\/p>\n<div class=\"bh-results\"><!-- [et_pb_line_break_holder] -->    <\/p>\n<div class=\"bh-result-item\"><!-- [et_pb_line_break_holder] -->      <span id=\"savings1m\" class=\"bh-number\">0<\/span> \u20ac<!\u2013- [et_pb_br_holder] -\u2013><small>en 1\u00a0mois<\/small><!-- [et_pb_line_break_holder] -->    <\/div>\n<p><!-- [et_pb_line_break_holder] -->    <\/p>\n<div class=\"bh-result-item\"><!-- [et_pb_line_break_holder] -->      <span id=\"savings3m\" class=\"bh-number\">0<\/span> \u20ac<!\u2013- [et_pb_br_holder] -\u2013><small>en 3\u00a0mois<\/small><!-- [et_pb_line_break_holder] -->    <\/div>\n<p><!-- [et_pb_line_break_holder] -->    <\/p>\n<div class=\"bh-result-item\"><!-- [et_pb_line_break_holder] -->      <span id=\"savings1y\" class=\"bh-number\">0<\/span> \u20ac<!\u2013- [et_pb_br_holder] -\u2013><small>en 1\u00a0an<\/small><!-- [et_pb_line_break_holder] -->    <\/div>\n<p><!-- [et_pb_line_break_holder] -->  <\/div>\n<p><!-- [et_pb_line_break_holder] --><!-- [et_pb_line_break_holder] -->  <!-- Remboursement s\u00e9ance --><!-- [et_pb_line_break_holder] -->  <pee id=\"bh-session-text\" class=\"bh-session-text\"><\/pee><!-- [et_pb_line_break_holder] --><!-- [et_pb_line_break_holder] -->  <!-- Exemples d\u2019achats --><!-- [et_pb_line_break_holder] -->  <\/p>\n<h3 class=\"bh-examples-title\">En 1\u00a0an, vous pourriez vous offrir\u00a0:<\/h3>\n<p><!-- [et_pb_line_break_holder] -->  <\/p>\n<div class=\"bh-examples\"><!-- [et_pb_line_break_holder] -->    <\/p>\n<div class=\"bh-example-item\" id=\"itemTrip\"><!-- [et_pb_line_break_holder] -->      <\/p>\n<div class=\"bh-icon\">\ud83c\udf34<\/div>\n<p><!-- [et_pb_line_break_holder] -->      <span class=\"bh-example-title\">Vacances au soleil<\/span><!-- [et_pb_line_break_holder] -->      <small class=\"bh-example-price\">\u2248 1\u00a0000\u00a0\u20ac<\/small><!-- [et_pb_line_break_holder] -->      <span id=\"statusTrip\" class=\"bh-example-status\">\u2026<\/span><!-- [et_pb_line_break_holder] -->    <\/div>\n<p><!-- [et_pb_line_break_holder] -->    <\/p>\n<div class=\"bh-example-item\" id=\"itemPhone\"><!-- [et_pb_line_break_holder] -->      <\/p>\n<div class=\"bh-icon\">\ud83d\udcf1<\/div>\n<p><!-- [et_pb_line_break_holder] -->      <span class=\"bh-example-title\">Le dernier iPhone<\/span><!-- [et_pb_line_break_holder] -->      <small class=\"bh-example-price\">\u2248 1\u00a0200\u00a0\u20ac<\/small><!-- [et_pb_line_break_holder] -->      <span id=\"statusPhone\" class=\"bh-example-status\">\u2026<\/span><!-- [et_pb_line_break_holder] -->    <\/div>\n<p><!-- [et_pb_line_break_holder] -->    <\/p>\n<div class=\"bh-example-item\" id=\"itemMeals\"><!-- [et_pb_line_break_holder] -->      <\/p>\n<div class=\"bh-icon\">\ud83c\udf7d\ufe0f<\/div>\n<p><!-- [et_pb_line_break_holder] -->      <span class=\"bh-example-title\">Repas au resto<\/span><!-- [et_pb_line_break_holder] -->      <small class=\"bh-example-price\">\u2248 30\u00a0\u20ac \/ repas<\/small><!-- [et_pb_line_break_holder] -->      <span id=\"statusMeals\" class=\"bh-example-status\">\u2026<\/span><!-- [et_pb_line_break_holder] -->    <\/div>\n<p><!-- [et_pb_line_break_holder] -->  <\/div>\n<p><!-- [et_pb_line_break_holder] --><\/div>\n<p><!-- [et_pb_line_break_holder] --><!-- [et_pb_line_break_holder] --><script><!-- [et_pb_line_break_holder] -->const BH_SESSION_COST = 200;<!-- [et_pb_line_break_holder] -->const COST_TRIP = 1000;<!-- [et_pb_line_break_holder] -->const COST_IPHONE = 1200;<!-- [et_pb_line_break_holder] -->const COST_MEAL = 30;<!-- [et_pb_line_break_holder] --><!-- [et_pb_line_break_holder] -->function bhUpdateCalc(){<!-- [et_pb_line_break_holder] -->  const cigsPerDay = +document.getElementById('cigsPerDay').value;<!-- [et_pb_line_break_holder] -->  const packSize = +document.querySelector('input[name=\"packSize\"]:checked').value;<!-- [et_pb_line_break_holder] -->  const packPrice = +document.getElementById('packPrice').value;<!-- [et_pb_line_break_holder] --><!-- [et_pb_line_break_holder] -->  document.getElementById('cigsPerDayVal').textContent = cigsPerDay;<!-- [et_pb_line_break_holder] -->  document.getElementById('packPriceVal').textContent = packPrice.toFixed(2);<!-- [et_pb_line_break_holder] --><!-- [et_pb_line_break_holder] -->  const dailySave = (cigsPerDay \/ packSize) * packPrice;<!-- [et_pb_line_break_holder] -->  const monthlySave = dailySave * 30;<!-- [et_pb_line_break_holder] -->  const yearlySave = monthlySave * 12;<!-- [et_pb_line_break_holder] --><!-- [et_pb_line_break_holder] -->  document.getElementById('savings1m').textContent = monthlySave.toFixed(0);<!-- [et_pb_line_break_holder] -->  document.getElementById('savings3m').textContent = (monthlySave * 3).toFixed(0);<!-- [et_pb_line_break_holder] -->  document.getElementById('savings1y').textContent = yearlySave.toFixed(0);<!-- [et_pb_line_break_holder] --><!-- [et_pb_line_break_holder] -->  const sessionEl = document.getElementById('bh-session-text');<!-- [et_pb_line_break_holder] -->  if (dailySave > 0){<!-- [et_pb_line_break_holder] -->    const daysToRefund = Math.ceil(BH_SESSION_COST \/ dailySave);<!-- [et_pb_line_break_holder] -->    const weeksToRefund = Math.ceil(daysToRefund \/ 7);<!-- [et_pb_line_break_holder] -->    sessionEl.textContent = `En arr\u00eatant, votre s\u00e9ance (\u2248 ${BH_SESSION_COST} \u20ac) est rembours\u00e9e en ${daysToRefund} jour${daysToRefund>1?'s':''} (\u2248 ${weeksToRefund} semaine${weeksToRefund>1?'s':''}).`;<!-- [et_pb_line_break_holder] -->  } else {<!-- [et_pb_line_break_holder] -->    sessionEl.textContent = \"R\u00e9glez les curseurs pour voir votre potentiel d\u2019\u00e9conomies.\";<!-- [et_pb_line_break_holder] -->  }<!-- [et_pb_line_break_holder] --><!-- [et_pb_line_break_holder] -->  updateExample(monthlySave, COST_TRIP, 'statusTrip');<!-- [et_pb_line_break_holder] -->  updateExample(monthlySave, COST_IPHONE, 'statusPhone');<!-- [et_pb_line_break_holder] -->  document.getElementById('statusMeals').textContent = `\u2248 ${Math.floor(yearlySave \/ COST_MEAL)} repas`;<!-- [et_pb_line_break_holder] -->}<!-- [et_pb_line_break_holder] --><!-- [et_pb_line_break_holder] -->function updateExample(mSave, cost, elId){<!-- [et_pb_line_break_holder] -->  const el = document.getElementById(elId);<!-- [et_pb_line_break_holder] -->  if (mSave > 0){<!-- [et_pb_line_break_holder] -->    const months = Math.max(1, Math.ceil(cost \/ mSave));<!-- [et_pb_line_break_holder] -->    el.textContent = `Dans ${months} mois`;<!-- [et_pb_line_break_holder] -->  } else {<!-- [et_pb_line_break_holder] -->    el.textContent = '\u2014';<!-- [et_pb_line_break_holder] -->  }<!-- [et_pb_line_break_holder] -->}<!-- [et_pb_line_break_holder] --><!-- [et_pb_line_break_holder] -->document.addEventListener('DOMContentLoaded', bhUpdateCalc);<!-- [et_pb_line_break_holder] --><\/script><!-- [et_pb_line_break_holder] --><!-- [et_pb_line_break_holder] --><\/p>\n<style><!-- [et_pb_line_break_holder] -->#bh-saving-calculator.bh-calculator{<!-- [et_pb_line_break_holder] -->  --bh-primary:#92c020;<!-- [et_pb_line_break_holder] -->  font-family:\"Montserrat\", sans-serif;<!-- [et_pb_line_break_holder] -->  max-width:720px;<!-- [et_pb_line_break_holder] -->  margin:0 auto;<!-- [et_pb_line_break_holder] -->  padding:2rem;<!-- [et_pb_line_break_holder] -->  background:#fff;<!-- [et_pb_line_break_holder] -->  border-radius:1rem;<!-- [et_pb_line_break_holder] -->  box-shadow:0 10px 30px rgba(0,0,0,.08);<!-- [et_pb_line_break_holder] -->}<!-- [et_pb_line_break_holder] -->#bh-saving-calculator h2{font-size:2rem;margin-bottom:1.5rem;font-weight:700;}<!-- [et_pb_line_break_holder] --><!-- [et_pb_line_break_holder] -->\/* Controls *\/<!-- [et_pb_line_break_holder] -->.bh-controls label{display:block;margin-bottom:1.25rem;font-weight:500;}<!-- [et_pb_line_break_holder] -->.bh-controls input[type=range]{-webkit-appearance:none;width:100%;height:4px;background:#e5e7eb;border-radius:4px;outline:none;}<!-- [et_pb_line_break_holder] -->.bh-controls input[type=range]::-webkit-slider-thumb{-webkit-appearance:none;width:18px;height:18px;border-radius:50%;background:var(--bh-primary);cursor:pointer;}<!-- [et_pb_line_break_holder] -->.bh-controls input[type=range]::-moz-range-thumb{width:18px;height:18px;border-radius:50%;background:var(--bh-primary);cursor:pointer;}<!-- [et_pb_line_break_holder] --><!-- [et_pb_line_break_holder] -->.bh-pack-size{display:flex;gap:1rem;margin-top:.5rem;}<!-- [et_pb_line_break_holder] -->.bh-pack-size input{display:none;}<!-- [et_pb_line_break_holder] -->.bh-pack-size label{padding:.45rem 1rem;border-radius:.55rem;background:#f3f4f6;cursor:pointer;transition:background .2s;}<!-- [et_pb_line_break_holder] -->.bh-pack-size input:checked + label{background:var(--bh-primary);color:#fff;font-weight:600;}<!-- [et_pb_line_break_holder] --><!-- [et_pb_line_break_holder] -->\/* Savings grid *\/<!-- [et_pb_line_break_holder] -->.bh-results{margin-top:2rem;display:grid;gap:1.5rem;text-align:center;}<!-- [et_pb_line_break_holder] -->@media(min-width:600px){.bh-results{grid-template-columns:repeat(3,1fr);}}<!-- [et_pb_line_break_holder] -->.bh-number{font-size:2rem;font-weight:700;color:var(--bh-primary);} <!-- [et_pb_line_break_holder] -->.bh-result-item small{color:#6b7280;}<!-- [et_pb_line_break_holder] --><!-- [et_pb_line_break_holder] -->.bh-session-text{margin-top:2rem;font-size:1rem;text-align:center;color:#111827;font-weight:500;}<!-- [et_pb_line_break_holder] --><!-- [et_pb_line_break_holder] -->\/* Examples *\/<!-- [et_pb_line_break_holder] -->.bh-examples-title{margin-top:2.5rem;font-size:1.3rem;font-weight:600;text-align:center;color:#111827;}<!-- [et_pb_line_break_holder] -->.bh-examples{margin-top:1.5rem;display:grid;gap:1.7rem;text-align:center;}<!-- [et_pb_line_break_holder] -->@media(min-width:600px){.bh-examples{grid-template-columns:repeat(3,1fr);}}<!-- [et_pb_line_break_holder] --><!-- [et_pb_line_break_holder] -->.bh-example-item{background:#ffffff;border:1px solid #e6e9ef;padding:1.6rem 1.2rem;border-radius:1rem;box-shadow:0 6px 18px rgba(0,0,0,.06);display:flex;flex-direction:column;align-items:center;gap:.55rem;transition:transform .15s;}<!-- [et_pb_line_break_holder] -->.bh-example-item:hover{transform:translateY(-4px);}<!-- [et_pb_line_break_holder] -->.bh-icon{font-size:2.5rem;}<!-- [et_pb_line_break_holder] -->.bh-example-title{font-weight:600;color:#374151;font-size:1rem;}<!-- [et_pb_line_break_holder] -->.bh-example-price{font-size:.85rem;color:#6b7280;}<!-- [et_pb_line_break_holder] -->.bh-example-status{font-size:1.15rem;font-weight:700;color:#111827;margin-top:.25rem;}<!-- [et_pb_line_break_holder] --><\/style>\n<p><!-- [et_pb_line_break_holder] -->[\/et_pb_code][et_pb_divider color=\u00a0\u00bb#92C020&Prime; divider_position=\u00a0\u00bbbottom\u00a0\u00bb _builder_version=\u00a0\u00bb4.27.4&Prime; _module_preset=\u00a0\u00bbdefault\u00a0\u00bb width=\u00a0\u00bb60%\u00a0\u00bb max_width=\u00a0\u00bb60%\u00a0\u00bb module_alignment=\u00a0\u00bbcenter\u00a0\u00bb global_colors_info=\u00a0\u00bb{}\u00a0\u00bb][\/et_pb_divider][\/et_pb_column][\/et_pb_row][\/et_pb_section][et_pb_section fb_built=\u00a0\u00bb1&Prime; _builder_version=\u00a0\u00bb4.27.4&Prime; _module_preset=\u00a0\u00bbdefault\u00a0\u00bb custom_padding=\u00a0\u00bb0px||0px|||\u00a0\u00bb global_colors_info=\u00a0\u00bb{}\u00a0\u00bb][et_pb_row _builder_version=\u00a0\u00bb4.27.4&Prime; _module_preset=\u00a0\u00bbdefault\u00a0\u00bb global_colors_info=\u00a0\u00bb{}\u00a0\u00bb][et_pb_column type=\u00a0\u00bb4_4&Prime; _builder_version=\u00a0\u00bb4.27.4&Prime; _module_preset=\u00a0\u00bbdefault\u00a0\u00bb global_colors_info=\u00a0\u00bb{}\u00a0\u00bb][et_pb_image src=\u00a0\u00bbhttps:\/\/www.be-harmony.fr\/wp-content\/uploads\/2023\/08\/BandeauBlog.png\u00a0\u00bb title_text=\u00a0\u00bbBandeauBlog\u00a0\u00bb _builder_version=\u00a0\u00bb4.27.4&Prime; _module_preset=\u00a0\u00bbdefault\u00a0\u00bb custom_margin=\u00a0\u00bb-80px||33px|||\u00a0\u00bb custom_padding=\u00a0\u00bb34px|||||\u00a0\u00bb global_colors_info=\u00a0\u00bb{}\u00a0\u00bb][\/et_pb_image][et_pb_text _builder_version=\u00a0\u00bb4.27.4&Prime; _module_preset=\u00a0\u00bbdefault\u00a0\u00bb header_font_size_tablet=\u00a0\u00bb\u00a0\u00bb header_font_size_phone=\u00a0\u00bb25px\u00a0\u00bb header_font_size_last_edited=\u00a0\u00bbon|phone\u00a0\u00bb header_3_font_size_tablet=\u00a0\u00bb\u00a0\u00bb header_3_font_size_phone=\u00a0\u00bb20px\u00a0\u00bb header_3_font_size_last_edited=\u00a0\u00bbon|phone\u00a0\u00bb global_colors_info=\u00a0\u00bb{}\u00a0\u00bb]<\/p>\n<h2 style=\"text-align: center;\"><b>\ud83c\udf3f L&rsquo;Harmonyth\u00e9rapie :<br \/>\nvotre solution pour arr\u00eater de fumer durablement<\/b><\/h2>\n<p>&nbsp;<\/p>\n<h3><b>\ud83d\udd2c Qu\u2019est-ce que c\u2019est ?<\/b><\/h3>\n<p class=\"p3\">Une m\u00e9thode naturelle bas\u00e9e sur <span class=\"s2\"><b>la stimulation par laser doux de points r\u00e9flexes<\/b><\/span> situ\u00e9s sur l\u2019oreille.<\/p>\n<h3><\/h3>\n<h3><\/h3>\n<h3><b>\ud83e\udde0 Comment \u00e7a fonctionne ?<\/b><\/h3>\n<ul>\n<li>\n<p class=\"p1\">Le laser doux envoie un signal indolore.<\/p>\n<\/li>\n<li>\n<p class=\"p1\">Il stimule les zones li\u00e9es au <span class=\"s1\"><b>stress<\/b><\/span>, \u00e0 la <span class=\"s1\"><b>d\u00e9pendance<\/b><\/span>, \u00e0 la <span class=\"s1\"><b>gestion du manque etc.<\/b><\/span><\/p>\n<\/li>\n<li>\n<p class=\"p1\">L\u2019effet est rapide, sans douleur, et sans aucune substance introduite dans l\u2019organisme<\/p>\n<\/li>\n<\/ul>\n<h3><b>\ud83d\udcaa Pourquoi \u00e7a marche ?<\/b><\/h3>\n<ul>\n<li>\n<p class=\"p1\"><span class=\"s1\">M\u00e9thode <\/span><b>non invasive<\/b><b><\/b><\/p>\n<\/li>\n<li>\n<p class=\"p1\">Sans effet secondaire<\/p>\n<\/li>\n<li>\n<p class=\"p1\"><span class=\"s1\"><b>Pas de substitut<\/b><\/span> chimique ou m\u00e9dicamenteux<\/p>\n<\/li>\n<li>\n<p class=\"p1\">Permet un sevrage <span class=\"s1\"><b>rapide et stable<\/b><\/span>, m\u00eame pour les fumeurs de longue date<\/p>\n<\/li>\n<li>\n<p class=\"p1\"><span class=\"s1\"><b>Garantie 1 an<\/b><\/span> en cas de rechute : vous \u00eates accompagn\u00e9(e), sans limite<\/p>\n<\/li>\n<\/ul>\n<p>[\/et_pb_text][et_pb_image src=\u00a0\u00bbhttps:\/\/www.be-harmony.fr\/wp-content\/uploads\/2025\/05\/WhatsApp-Image-2025-01-31-at-13.05.45.jpeg\u00a0\u00bb alt=\u00a0\u00bbS\u00e9ance arr\u00eat tabac be-Harmony laser arr\u00eater de fumer \u00a0\u00bb title_text=\u00a0\u00bbS\u00e9ance arr\u00eat tabac be-Harmony laser arr\u00eater de fumer \u00a0\u00bb _builder_version=\u00a0\u00bb4.27.4&Prime; _module_preset=\u00a0\u00bbdefault\u00a0\u00bb width=\u00a0\u00bb40%\u00a0\u00bb max_width=\u00a0\u00bb40%\u00a0\u00bb module_alignment=\u00a0\u00bbcenter\u00a0\u00bb custom_margin=\u00a0\u00bb||50px|||\u00a0\u00bb global_colors_info=\u00a0\u00bb{}\u00a0\u00bb][\/et_pb_image][et_pb_text _builder_version=\u00a0\u00bb4.27.4&Prime; _module_preset=\u00a0\u00bbdefault\u00a0\u00bb custom_margin=\u00a0\u00bb||18px|||\u00a0\u00bb header_font_size_tablet=\u00a0\u00bb\u00a0\u00bb header_font_size_phone=\u00a0\u00bb25px\u00a0\u00bb header_font_size_last_edited=\u00a0\u00bbon|phone\u00a0\u00bb header_3_font_size_tablet=\u00a0\u00bb\u00a0\u00bb header_3_font_size_phone=\u00a0\u00bb20px\u00a0\u00bb header_3_font_size_last_edited=\u00a0\u00bbon|phone\u00a0\u00bb global_colors_info=\u00a0\u00bb{}\u00a0\u00bb]<\/p>\n<h2><b>\ud83d\udd52 Une seule s\u00e9ance. Un changement pour la vie.<\/b><\/h2>\n<p class=\"p3\">\ud83d\udc49 Chez Be-Harmony, une <span class=\"s2\"><b>s\u00e9ance de 90 minutes<\/b><\/span> suffit pour amorcer votre lib\u00e9ration du tabac.<\/p>\n<p class=\"p3\">Vous repartez :<\/p>\n<ul>\n<li>\n<p class=\"p1\">\ud83d\udc9a Non-Fumeur<\/p>\n<\/li>\n<li>\n<p class=\"p1\">\ud83e\uddd8\u200d\u2642\ufe0f D\u00e9tendu<\/p>\n<\/li>\n<li>\n<p class=\"p1\">\ud83d\udcb8 Et pr\u00eat \u00e0 \u00e9conomiser <span class=\"s1\"><b>chaque jour<\/b><\/span><\/p>\n<\/li>\n<\/ul>\n<p class=\"p3\">R\u00e9servation simple via <span class=\"s2\"><b>R\u00e9salib<\/b><\/span> ou via notre <span class=\"s2\"><b>formulaire de contact<\/b><\/span>.<\/p>\n<h2><b><br \/>\n\ud83c\udfaf Le bon moment, c\u2019est maintenant<\/b><\/h2>\n<p class=\"p3\">\ud83d\udcc5 Chaque jour de plus avec la cigarette vous co\u00fbte de l\u2019argent\u2026 et vous prive de sant\u00e9.<\/p>\n<p class=\"p3\">Prenez le contr\u00f4le d\u00e8s aujourd\u2019hui.<\/p>\n<p>[\/et_pb_text][\/et_pb_column][\/et_pb_row][et_pb_row _builder_version=\u00a0\u00bb4.27.4&Prime; _module_preset=\u00a0\u00bbdefault\u00a0\u00bb custom_margin=\u00a0\u00bb-40px|auto||auto||\u00a0\u00bb global_colors_info=\u00a0\u00bb{}\u00a0\u00bb][et_pb_column type=\u00a0\u00bb4_4&Prime; _builder_version=\u00a0\u00bb4.27.4&Prime; _module_preset=\u00a0\u00bbdefault\u00a0\u00bb global_colors_info=\u00a0\u00bb{}\u00a0\u00bb][et_pb_button button_url=\u00a0\u00bbhttps:\/\/www.be-harmony.fr\/accueil\/centres\/\u00a0\u00bb button_text=\u00a0\u00bbCentre pr\u00e8s de chez vous\u00a0\u00bb button_alignment=\u00a0\u00bbcenter\u00a0\u00bb _builder_version=\u00a0\u00bb4.27.4&Prime; custom_button=\u00a0\u00bbon\u00a0\u00bb button_text_size=\u00a0\u00bb17px\u00a0\u00bb button_text_color=\u00a0\u00bb#FFFFFF\u00a0\u00bb button_bg_color=\u00a0\u00bb#92C020&Prime; button_border_width=\u00a0\u00bb16px\u00a0\u00bb button_border_color=\u00a0\u00bb#92C020&Prime; button_border_radius=\u00a0\u00bb100px\u00a0\u00bb button_letter_spacing=\u00a0\u00bb1px\u00a0\u00bb button_font=\u00a0\u00bbMontserrat|500|||||||\u00a0\u00bb background_layout=\u00a0\u00bbdark\u00a0\u00bb custom_margin=\u00a0\u00bb|||\u00a0\u00bb custom_padding=\u00a0\u00bb|||\u00a0\u00bb button_text_size_tablet=\u00a0\u00bb17px\u00a0\u00bb button_text_size_phone=\u00a0\u00bb12px\u00a0\u00bb button_text_size_last_edited=\u00a0\u00bbon|phone\u00a0\u00bb locked=\u00a0\u00bboff\u00a0\u00bb global_colors_info=\u00a0\u00bb{}\u00a0\u00bb button_text_size__hover_enabled=\u00a0\u00bboff\u00a0\u00bb button_one_text_size__hover_enabled=\u00a0\u00bboff\u00a0\u00bb button_two_text_size__hover_enabled=\u00a0\u00bboff\u00a0\u00bb button_text_color__hover_enabled=\u00a0\u00bboff\u00a0\u00bb button_one_text_color__hover_enabled=\u00a0\u00bboff\u00a0\u00bb button_two_text_color__hover_enabled=\u00a0\u00bboff\u00a0\u00bb button_border_width__hover_enabled=\u00a0\u00bboff\u00a0\u00bb button_one_border_width__hover_enabled=\u00a0\u00bboff\u00a0\u00bb button_two_border_width__hover_enabled=\u00a0\u00bboff\u00a0\u00bb button_border_color__hover_enabled=\u00a0\u00bboff\u00a0\u00bb button_one_border_color__hover_enabled=\u00a0\u00bboff\u00a0\u00bb button_two_border_color__hover_enabled=\u00a0\u00bboff\u00a0\u00bb button_border_radius__hover_enabled=\u00a0\u00bboff\u00a0\u00bb button_one_border_radius__hover_enabled=\u00a0\u00bboff\u00a0\u00bb button_two_border_radius__hover_enabled=\u00a0\u00bboff\u00a0\u00bb button_letter_spacing__hover_enabled=\u00a0\u00bboff\u00a0\u00bb button_one_letter_spacing__hover_enabled=\u00a0\u00bboff\u00a0\u00bb button_two_letter_spacing__hover_enabled=\u00a0\u00bboff\u00a0\u00bb button_bg_color__hover_enabled=\u00a0\u00bboff\u00a0\u00bb button_one_bg_color__hover_enabled=\u00a0\u00bboff\u00a0\u00bb button_two_bg_color__hover_enabled=\u00a0\u00bboff\u00a0\u00bb][\/et_pb_button][\/et_pb_column][\/et_pb_row][\/et_pb_section][et_pb_section fb_built=\u00a0\u00bb1&Prime; _builder_version=\u00a0\u00bb4.27.4&Prime; _module_preset=\u00a0\u00bbdefault\u00a0\u00bb global_colors_info=\u00a0\u00bb{}\u00a0\u00bb][et_pb_row _builder_version=\u00a0\u00bb4.27.4&Prime; _module_preset=\u00a0\u00bbdefault\u00a0\u00bb custom_margin=\u00a0\u00bb-9px|auto||auto||\u00a0\u00bb global_colors_info=\u00a0\u00bb{}\u00a0\u00bb][et_pb_column type=\u00a0\u00bb4_4&Prime; _builder_version=\u00a0\u00bb4.27.4&Prime; _module_preset=\u00a0\u00bbdefault\u00a0\u00bb global_colors_info=\u00a0\u00bb{}\u00a0\u00bb][et_pb_blog fullwidth=\u00a0\u00bboff\u00a0\u00bb posts_number=\u00a0\u00bb3&Prime; include_categories=\u00a0\u00bball\u00a0\u00bb excerpt_length=\u00a0\u00bb0&Prime; show_more=\u00a0\u00bbon\u00a0\u00bb show_author=\u00a0\u00bboff\u00a0\u00bb show_date=\u00a0\u00bboff\u00a0\u00bb _builder_version=\u00a0\u00bb4.24.3&Prime; _module_preset=\u00a0\u00bbdefault\u00a0\u00bb header_font=\u00a0\u00bbMontserrat||||||||\u00a0\u00bb header_font_size=\u00a0\u00bb17px\u00a0\u00bb body_font=\u00a0\u00bbMontserrat||||||||\u00a0\u00bb body_text_color=\u00a0\u00bb#92C020&Prime; meta_font=\u00a0\u00bbMontserrat||||||||\u00a0\u00bb pagination_font=\u00a0\u00bbMontserrat|600|||||||\u00a0\u00bb pagination_text_color=\u00a0\u00bb#D51D17&Prime; pagination_font_size=\u00a0\u00bb17px\u00a0\u00bb custom_margin=\u00a0\u00bb||110px|||\u00a0\u00bb custom_margin_tablet=\u00a0\u00bb0px||-57px||false|false\u00a0\u00bb custom_margin_phone=\u00a0\u00bb0px||-57px||false|false\u00a0\u00bb custom_margin_last_edited=\u00a0\u00bbon|tablet\u00a0\u00bb custom_padding=\u00a0\u00bb0px||0px||false|false\u00a0\u00bb header_font_size_tablet=\u00a0\u00bb17px\u00a0\u00bb header_font_size_phone=\u00a0\u00bb15px\u00a0\u00bb header_font_size_last_edited=\u00a0\u00bbon|phone\u00a0\u00bb body_font_size_tablet=\u00a0\u00bb\u00a0\u00bb body_font_size_phone=\u00a0\u00bb14px\u00a0\u00bb body_font_size_last_edited=\u00a0\u00bbon|desktop\u00a0\u00bb meta_font_size_tablet=\u00a0\u00bb\u00a0\u00bb meta_font_size_phone=\u00a0\u00bb13px\u00a0\u00bb meta_font_size_last_edited=\u00a0\u00bbon|phone\u00a0\u00bb pagination_font_size_phone=\u00a0\u00bb15px\u00a0\u00bb pagination_font_size_last_edited=\u00a0\u00bboff|phone\u00a0\u00bb border_radii=\u00a0\u00bbon|30px|30px|30px|30px\u00a0\u00bb locked=\u00a0\u00bboff\u00a0\u00bb global_colors_info=\u00a0\u00bb{}\u00a0\u00bb][\/et_pb_blog][\/et_pb_column][\/et_pb_row][\/et_pb_section]<\/p>\n","protected":false},"excerpt":{"rendered":"<p>Interdiction de fumer : les nouveaux espaces sans tabac au 1\u1d49\u02b3 juillet 2025Le d\u00e9cret n\u00b0 2025-582, publi\u00e9 au Journal officiel le 28 juin 2025, marque une nouvelle \u00e9tape de la politique \u00ab g\u00e9n\u00e9ration sans tabac \u00bb. D\u00e8s aujourd\u2019hui, de nombreux lieux ext\u00e9rieurs rejoignent la liste des espaces auxquels il est interdit de fumer.\ud83d\udead Les nouveaux [&hellip;]<\/p>\n","protected":false},"author":2,"featured_media":4501,"comment_status":"open","ping_status":"open","sticky":false,"template":"","format":"standard","meta":{"_et_pb_use_builder":"on","_et_pb_old_content":"","_et_gb_content_width":"","jetpack_post_was_ever_published":false,"footnotes":""},"categories":[11,12],"tags":[],"class_list":["post-4497","post","type-post","status-publish","format-standard","has-post-thumbnail","hentry","category-news","category-tabac"],"yoast_head":"<!-- This site is optimized with the Yoast SEO plugin v27.4 - https:\/\/yoast.com\/product\/yoast-seo-wordpress\/ -->\n<title>Interdiction de fumer : ce qui change au 1\u1d49\u02b3 juillet 2025<\/title>\n<meta name=\"description\" content=\"\u00c0 partir du 1\u1d49\u02b3 juillet 2025, Interdiction de fumer dans ces lieux publics. D\u00e9couvrez le d\u00e9cret, les sanctions et comment arr\u00eater de fumer.\" \/>\n<meta name=\"robots\" content=\"index, follow, max-snippet:-1, max-image-preview:large, max-video-preview:-1\" \/>\n<link rel=\"canonical\" href=\"https:\/\/www.be-harmony.fr\/accueil\/blog\/interdiction-de-fumer-ce-qui-change-au-1\u1d49\u02b3-juillet-2025\/\" \/>\n<meta property=\"og:locale\" content=\"fr_FR\" \/>\n<meta property=\"og:type\" content=\"article\" \/>\n<meta property=\"og:title\" content=\"Interdiction de fumer : ce qui change au 1\u1d49\u02b3 juillet 2025\" \/>\n<meta property=\"og:description\" content=\"\u00c0 partir du 1\u1d49\u02b3 juillet 2025, Interdiction de fumer dans ces lieux publics. D\u00e9couvrez le d\u00e9cret, les sanctions et comment arr\u00eater de fumer.\" \/>\n<meta property=\"og:url\" content=\"https:\/\/www.be-harmony.fr\/accueil\/blog\/interdiction-de-fumer-ce-qui-change-au-1\u1d49\u02b3-juillet-2025\/\" \/>\n<meta property=\"og:site_name\" content=\"Be-Harmony\" \/>\n<meta property=\"article:publisher\" content=\"https:\/\/www.facebook.com\/Harmonytherapielaser.beharmony\" \/>\n<meta property=\"article:published_time\" content=\"2025-06-30T19:06:13+00:00\" \/>\n<meta property=\"article:modified_time\" content=\"2025-06-30T19:09:09+00:00\" \/>\n<meta property=\"og:image\" content=\"https:\/\/www.be-harmony.fr\/wp-content\/uploads\/2025\/06\/1-Juillet-2025-interdiction-de-fumer-lieux-public-arreter-de-fumer-grace-au-laser-1024x858.png\" \/>\n\t<meta property=\"og:image:width\" content=\"1024\" \/>\n\t<meta property=\"og:image:height\" content=\"858\" \/>\n\t<meta property=\"og:image:type\" content=\"image\/png\" \/>\n<meta name=\"author\" content=\"Be-Harmony\" \/>\n<meta name=\"twitter:card\" content=\"summary_large_image\" \/>\n<meta name=\"twitter:label1\" content=\"\u00c9crit par\" \/>\n\t<meta name=\"twitter:data1\" content=\"Be-Harmony\" \/>\n\t<meta name=\"twitter:label2\" content=\"Dur\u00e9e de lecture estim\u00e9e\" \/>\n\t<meta name=\"twitter:data2\" content=\"7 minutes\" \/>\n<script type=\"application\/ld+json\" class=\"yoast-schema-graph\">{\"@context\":\"https:\\\/\\\/schema.org\",\"@graph\":[{\"@type\":\"Article\",\"@id\":\"https:\\\/\\\/www.be-harmony.fr\\\/accueil\\\/blog\\\/interdiction-de-fumer-ce-qui-change-au-1%e1%b5%89%ca%b3-juillet-2025\\\/#article\",\"isPartOf\":{\"@id\":\"https:\\\/\\\/www.be-harmony.fr\\\/accueil\\\/blog\\\/interdiction-de-fumer-ce-qui-change-au-1%e1%b5%89%ca%b3-juillet-2025\\\/\"},\"author\":{\"name\":\"Be-Harmony\",\"@id\":\"https:\\\/\\\/www.be-harmony.fr\\\/accueil\\\/#\\\/schema\\\/person\\\/5da4268820a1eb02fe91d2801f47a063\"},\"headline\":\"Interdiction de fumer : ce qui change au 1\u1d49\u02b3 juillet 2025\",\"datePublished\":\"2025-06-30T19:06:13+00:00\",\"dateModified\":\"2025-06-30T19:09:09+00:00\",\"mainEntityOfPage\":{\"@id\":\"https:\\\/\\\/www.be-harmony.fr\\\/accueil\\\/blog\\\/interdiction-de-fumer-ce-qui-change-au-1%e1%b5%89%ca%b3-juillet-2025\\\/\"},\"wordCount\":2212,\"commentCount\":0,\"publisher\":{\"@id\":\"https:\\\/\\\/www.be-harmony.fr\\\/accueil\\\/#organization\"},\"image\":{\"@id\":\"https:\\\/\\\/www.be-harmony.fr\\\/accueil\\\/blog\\\/interdiction-de-fumer-ce-qui-change-au-1%e1%b5%89%ca%b3-juillet-2025\\\/#primaryimage\"},\"thumbnailUrl\":\"https:\\\/\\\/www.be-harmony.fr\\\/wp-content\\\/uploads\\\/2025\\\/06\\\/1-Juillet-2025-interdiction-de-fumer-lieux-public-arreter-de-fumer-grace-au-laser-scaled.png\",\"articleSection\":[\"News\",\"Tabac\"],\"inLanguage\":\"fr-FR\",\"potentialAction\":[{\"@type\":\"CommentAction\",\"name\":\"Comment\",\"target\":[\"https:\\\/\\\/www.be-harmony.fr\\\/accueil\\\/blog\\\/interdiction-de-fumer-ce-qui-change-au-1%e1%b5%89%ca%b3-juillet-2025\\\/#respond\"]}]},{\"@type\":\"WebPage\",\"@id\":\"https:\\\/\\\/www.be-harmony.fr\\\/accueil\\\/blog\\\/interdiction-de-fumer-ce-qui-change-au-1%e1%b5%89%ca%b3-juillet-2025\\\/\",\"url\":\"https:\\\/\\\/www.be-harmony.fr\\\/accueil\\\/blog\\\/interdiction-de-fumer-ce-qui-change-au-1%e1%b5%89%ca%b3-juillet-2025\\\/\",\"name\":\"Interdiction de fumer : ce qui change au 1\u1d49\u02b3 juillet 2025\",\"isPartOf\":{\"@id\":\"https:\\\/\\\/www.be-harmony.fr\\\/accueil\\\/#website\"},\"primaryImageOfPage\":{\"@id\":\"https:\\\/\\\/www.be-harmony.fr\\\/accueil\\\/blog\\\/interdiction-de-fumer-ce-qui-change-au-1%e1%b5%89%ca%b3-juillet-2025\\\/#primaryimage\"},\"image\":{\"@id\":\"https:\\\/\\\/www.be-harmony.fr\\\/accueil\\\/blog\\\/interdiction-de-fumer-ce-qui-change-au-1%e1%b5%89%ca%b3-juillet-2025\\\/#primaryimage\"},\"thumbnailUrl\":\"https:\\\/\\\/www.be-harmony.fr\\\/wp-content\\\/uploads\\\/2025\\\/06\\\/1-Juillet-2025-interdiction-de-fumer-lieux-public-arreter-de-fumer-grace-au-laser-scaled.png\",\"datePublished\":\"2025-06-30T19:06:13+00:00\",\"dateModified\":\"2025-06-30T19:09:09+00:00\",\"description\":\"\u00c0 partir du 1\u1d49\u02b3 juillet 2025, Interdiction de fumer dans ces lieux publics. D\u00e9couvrez le d\u00e9cret, les sanctions et comment arr\u00eater de fumer.\",\"breadcrumb\":{\"@id\":\"https:\\\/\\\/www.be-harmony.fr\\\/accueil\\\/blog\\\/interdiction-de-fumer-ce-qui-change-au-1%e1%b5%89%ca%b3-juillet-2025\\\/#breadcrumb\"},\"inLanguage\":\"fr-FR\",\"potentialAction\":[{\"@type\":\"ReadAction\",\"target\":[\"https:\\\/\\\/www.be-harmony.fr\\\/accueil\\\/blog\\\/interdiction-de-fumer-ce-qui-change-au-1%e1%b5%89%ca%b3-juillet-2025\\\/\"]}]},{\"@type\":\"ImageObject\",\"inLanguage\":\"fr-FR\",\"@id\":\"https:\\\/\\\/www.be-harmony.fr\\\/accueil\\\/blog\\\/interdiction-de-fumer-ce-qui-change-au-1%e1%b5%89%ca%b3-juillet-2025\\\/#primaryimage\",\"url\":\"https:\\\/\\\/www.be-harmony.fr\\\/wp-content\\\/uploads\\\/2025\\\/06\\\/1-Juillet-2025-interdiction-de-fumer-lieux-public-arreter-de-fumer-grace-au-laser-scaled.png\",\"contentUrl\":\"https:\\\/\\\/www.be-harmony.fr\\\/wp-content\\\/uploads\\\/2025\\\/06\\\/1-Juillet-2025-interdiction-de-fumer-lieux-public-arreter-de-fumer-grace-au-laser-scaled.png\",\"width\":2560,\"height\":2146,\"caption\":\"1 Juillet 2025 interdiction de fumer lieux public, arre\u0302ter de fumer gra\u0302ce au laser Be-Harmony\"},{\"@type\":\"BreadcrumbList\",\"@id\":\"https:\\\/\\\/www.be-harmony.fr\\\/accueil\\\/blog\\\/interdiction-de-fumer-ce-qui-change-au-1%e1%b5%89%ca%b3-juillet-2025\\\/#breadcrumb\",\"itemListElement\":[{\"@type\":\"ListItem\",\"position\":1,\"name\":\"Accueil\",\"item\":\"https:\\\/\\\/www.be-harmony.fr\\\/accueil\\\/\"},{\"@type\":\"ListItem\",\"position\":2,\"name\":\"Interdiction de fumer : ce qui change au 1\u1d49\u02b3 juillet 2025\"}]},{\"@type\":\"WebSite\",\"@id\":\"https:\\\/\\\/www.be-harmony.fr\\\/accueil\\\/#website\",\"url\":\"https:\\\/\\\/www.be-harmony.fr\\\/accueil\\\/\",\"name\":\"Be-Harmony\",\"description\":\"Arr\u00eater de fumer gr\u00e2ce au laser\",\"publisher\":{\"@id\":\"https:\\\/\\\/www.be-harmony.fr\\\/accueil\\\/#organization\"},\"potentialAction\":[{\"@type\":\"SearchAction\",\"target\":{\"@type\":\"EntryPoint\",\"urlTemplate\":\"https:\\\/\\\/www.be-harmony.fr\\\/accueil\\\/?s={search_term_string}\"},\"query-input\":{\"@type\":\"PropertyValueSpecification\",\"valueRequired\":true,\"valueName\":\"search_term_string\"}}],\"inLanguage\":\"fr-FR\"},{\"@type\":\"Organization\",\"@id\":\"https:\\\/\\\/www.be-harmony.fr\\\/accueil\\\/#organization\",\"name\":\"Be-Harmony\",\"url\":\"https:\\\/\\\/www.be-harmony.fr\\\/accueil\\\/\",\"logo\":{\"@type\":\"ImageObject\",\"inLanguage\":\"fr-FR\",\"@id\":\"https:\\\/\\\/www.be-harmony.fr\\\/accueil\\\/#\\\/schema\\\/logo\\\/image\\\/\",\"url\":\"https:\\\/\\\/www.be-harmony.fr\\\/wp-content\\\/uploads\\\/2022\\\/12\\\/LOGO_BEHARMONYtitre2022.png\",\"contentUrl\":\"https:\\\/\\\/www.be-harmony.fr\\\/wp-content\\\/uploads\\\/2022\\\/12\\\/LOGO_BEHARMONYtitre2022.png\",\"width\":591,\"height\":591,\"caption\":\"Be-Harmony\"},\"image\":{\"@id\":\"https:\\\/\\\/www.be-harmony.fr\\\/accueil\\\/#\\\/schema\\\/logo\\\/image\\\/\"},\"sameAs\":[\"https:\\\/\\\/www.facebook.com\\\/Harmonytherapielaser.beharmony\"]},{\"@type\":\"Person\",\"@id\":\"https:\\\/\\\/www.be-harmony.fr\\\/accueil\\\/#\\\/schema\\\/person\\\/5da4268820a1eb02fe91d2801f47a063\",\"name\":\"Be-Harmony\",\"image\":{\"@type\":\"ImageObject\",\"inLanguage\":\"fr-FR\",\"@id\":\"https:\\\/\\\/secure.gravatar.com\\\/avatar\\\/87eb4093609afef3758e3a17cae191a4228cebfaf5e056a4b16626f0508700e0?s=96&d=monsterid&r=g\",\"url\":\"https:\\\/\\\/secure.gravatar.com\\\/avatar\\\/87eb4093609afef3758e3a17cae191a4228cebfaf5e056a4b16626f0508700e0?s=96&d=monsterid&r=g\",\"contentUrl\":\"https:\\\/\\\/secure.gravatar.com\\\/avatar\\\/87eb4093609afef3758e3a17cae191a4228cebfaf5e056a4b16626f0508700e0?s=96&d=monsterid&r=g\",\"caption\":\"Be-Harmony\"},\"sameAs\":[\"http:\\\/\\\/be-harmony.fr\"],\"url\":\"https:\\\/\\\/www.be-harmony.fr\\\/accueil\\\/blog\\\/author\\\/f-lagard\\\/\"}]}<\/script>\n<!-- \/ Yoast SEO plugin. -->","yoast_head_json":{"title":"Interdiction de fumer : ce qui change au 1\u1d49\u02b3 juillet 2025","description":"\u00c0 partir du 1\u1d49\u02b3 juillet 2025, Interdiction de fumer dans ces lieux publics. D\u00e9couvrez le d\u00e9cret, les sanctions et comment arr\u00eater de fumer.","robots":{"index":"index","follow":"follow","max-snippet":"max-snippet:-1","max-image-preview":"max-image-preview:large","max-video-preview":"max-video-preview:-1"},"canonical":"https:\/\/www.be-harmony.fr\/accueil\/blog\/interdiction-de-fumer-ce-qui-change-au-1\u1d49\u02b3-juillet-2025\/","og_locale":"fr_FR","og_type":"article","og_title":"Interdiction de fumer : ce qui change au 1\u1d49\u02b3 juillet 2025","og_description":"\u00c0 partir du 1\u1d49\u02b3 juillet 2025, Interdiction de fumer dans ces lieux publics. D\u00e9couvrez le d\u00e9cret, les sanctions et comment arr\u00eater de fumer.","og_url":"https:\/\/www.be-harmony.fr\/accueil\/blog\/interdiction-de-fumer-ce-qui-change-au-1\u1d49\u02b3-juillet-2025\/","og_site_name":"Be-Harmony","article_publisher":"https:\/\/www.facebook.com\/Harmonytherapielaser.beharmony","article_published_time":"2025-06-30T19:06:13+00:00","article_modified_time":"2025-06-30T19:09:09+00:00","og_image":[{"width":1024,"height":858,"url":"https:\/\/www.be-harmony.fr\/wp-content\/uploads\/2025\/06\/1-Juillet-2025-interdiction-de-fumer-lieux-public-arreter-de-fumer-grace-au-laser-1024x858.png","type":"image\/png"}],"author":"Be-Harmony","twitter_card":"summary_large_image","twitter_misc":{"\u00c9crit par":"Be-Harmony","Dur\u00e9e de lecture estim\u00e9e":"7 minutes"},"schema":{"@context":"https:\/\/schema.org","@graph":[{"@type":"Article","@id":"https:\/\/www.be-harmony.fr\/accueil\/blog\/interdiction-de-fumer-ce-qui-change-au-1%e1%b5%89%ca%b3-juillet-2025\/#article","isPartOf":{"@id":"https:\/\/www.be-harmony.fr\/accueil\/blog\/interdiction-de-fumer-ce-qui-change-au-1%e1%b5%89%ca%b3-juillet-2025\/"},"author":{"name":"Be-Harmony","@id":"https:\/\/www.be-harmony.fr\/accueil\/#\/schema\/person\/5da4268820a1eb02fe91d2801f47a063"},"headline":"Interdiction de fumer : ce qui change au 1\u1d49\u02b3 juillet 2025","datePublished":"2025-06-30T19:06:13+00:00","dateModified":"2025-06-30T19:09:09+00:00","mainEntityOfPage":{"@id":"https:\/\/www.be-harmony.fr\/accueil\/blog\/interdiction-de-fumer-ce-qui-change-au-1%e1%b5%89%ca%b3-juillet-2025\/"},"wordCount":2212,"commentCount":0,"publisher":{"@id":"https:\/\/www.be-harmony.fr\/accueil\/#organization"},"image":{"@id":"https:\/\/www.be-harmony.fr\/accueil\/blog\/interdiction-de-fumer-ce-qui-change-au-1%e1%b5%89%ca%b3-juillet-2025\/#primaryimage"},"thumbnailUrl":"https:\/\/www.be-harmony.fr\/wp-content\/uploads\/2025\/06\/1-Juillet-2025-interdiction-de-fumer-lieux-public-arreter-de-fumer-grace-au-laser-scaled.png","articleSection":["News","Tabac"],"inLanguage":"fr-FR","potentialAction":[{"@type":"CommentAction","name":"Comment","target":["https:\/\/www.be-harmony.fr\/accueil\/blog\/interdiction-de-fumer-ce-qui-change-au-1%e1%b5%89%ca%b3-juillet-2025\/#respond"]}]},{"@type":"WebPage","@id":"https:\/\/www.be-harmony.fr\/accueil\/blog\/interdiction-de-fumer-ce-qui-change-au-1%e1%b5%89%ca%b3-juillet-2025\/","url":"https:\/\/www.be-harmony.fr\/accueil\/blog\/interdiction-de-fumer-ce-qui-change-au-1%e1%b5%89%ca%b3-juillet-2025\/","name":"Interdiction de fumer : ce qui change au 1\u1d49\u02b3 juillet 2025","isPartOf":{"@id":"https:\/\/www.be-harmony.fr\/accueil\/#website"},"primaryImageOfPage":{"@id":"https:\/\/www.be-harmony.fr\/accueil\/blog\/interdiction-de-fumer-ce-qui-change-au-1%e1%b5%89%ca%b3-juillet-2025\/#primaryimage"},"image":{"@id":"https:\/\/www.be-harmony.fr\/accueil\/blog\/interdiction-de-fumer-ce-qui-change-au-1%e1%b5%89%ca%b3-juillet-2025\/#primaryimage"},"thumbnailUrl":"https:\/\/www.be-harmony.fr\/wp-content\/uploads\/2025\/06\/1-Juillet-2025-interdiction-de-fumer-lieux-public-arreter-de-fumer-grace-au-laser-scaled.png","datePublished":"2025-06-30T19:06:13+00:00","dateModified":"2025-06-30T19:09:09+00:00","description":"\u00c0 partir du 1\u1d49\u02b3 juillet 2025, Interdiction de fumer dans ces lieux publics. D\u00e9couvrez le d\u00e9cret, les sanctions et comment arr\u00eater de fumer.","breadcrumb":{"@id":"https:\/\/www.be-harmony.fr\/accueil\/blog\/interdiction-de-fumer-ce-qui-change-au-1%e1%b5%89%ca%b3-juillet-2025\/#breadcrumb"},"inLanguage":"fr-FR","potentialAction":[{"@type":"ReadAction","target":["https:\/\/www.be-harmony.fr\/accueil\/blog\/interdiction-de-fumer-ce-qui-change-au-1%e1%b5%89%ca%b3-juillet-2025\/"]}]},{"@type":"ImageObject","inLanguage":"fr-FR","@id":"https:\/\/www.be-harmony.fr\/accueil\/blog\/interdiction-de-fumer-ce-qui-change-au-1%e1%b5%89%ca%b3-juillet-2025\/#primaryimage","url":"https:\/\/www.be-harmony.fr\/wp-content\/uploads\/2025\/06\/1-Juillet-2025-interdiction-de-fumer-lieux-public-arreter-de-fumer-grace-au-laser-scaled.png","contentUrl":"https:\/\/www.be-harmony.fr\/wp-content\/uploads\/2025\/06\/1-Juillet-2025-interdiction-de-fumer-lieux-public-arreter-de-fumer-grace-au-laser-scaled.png","width":2560,"height":2146,"caption":"1 Juillet 2025 interdiction de fumer lieux public, arre\u0302ter de fumer gra\u0302ce au laser Be-Harmony"},{"@type":"BreadcrumbList","@id":"https:\/\/www.be-harmony.fr\/accueil\/blog\/interdiction-de-fumer-ce-qui-change-au-1%e1%b5%89%ca%b3-juillet-2025\/#breadcrumb","itemListElement":[{"@type":"ListItem","position":1,"name":"Accueil","item":"https:\/\/www.be-harmony.fr\/accueil\/"},{"@type":"ListItem","position":2,"name":"Interdiction de fumer : ce qui change au 1\u1d49\u02b3 juillet 2025"}]},{"@type":"WebSite","@id":"https:\/\/www.be-harmony.fr\/accueil\/#website","url":"https:\/\/www.be-harmony.fr\/accueil\/","name":"Be-Harmony","description":"Arr\u00eater de fumer gr\u00e2ce au laser","publisher":{"@id":"https:\/\/www.be-harmony.fr\/accueil\/#organization"},"potentialAction":[{"@type":"SearchAction","target":{"@type":"EntryPoint","urlTemplate":"https:\/\/www.be-harmony.fr\/accueil\/?s={search_term_string}"},"query-input":{"@type":"PropertyValueSpecification","valueRequired":true,"valueName":"search_term_string"}}],"inLanguage":"fr-FR"},{"@type":"Organization","@id":"https:\/\/www.be-harmony.fr\/accueil\/#organization","name":"Be-Harmony","url":"https:\/\/www.be-harmony.fr\/accueil\/","logo":{"@type":"ImageObject","inLanguage":"fr-FR","@id":"https:\/\/www.be-harmony.fr\/accueil\/#\/schema\/logo\/image\/","url":"https:\/\/www.be-harmony.fr\/wp-content\/uploads\/2022\/12\/LOGO_BEHARMONYtitre2022.png","contentUrl":"https:\/\/www.be-harmony.fr\/wp-content\/uploads\/2022\/12\/LOGO_BEHARMONYtitre2022.png","width":591,"height":591,"caption":"Be-Harmony"},"image":{"@id":"https:\/\/www.be-harmony.fr\/accueil\/#\/schema\/logo\/image\/"},"sameAs":["https:\/\/www.facebook.com\/Harmonytherapielaser.beharmony"]},{"@type":"Person","@id":"https:\/\/www.be-harmony.fr\/accueil\/#\/schema\/person\/5da4268820a1eb02fe91d2801f47a063","name":"Be-Harmony","image":{"@type":"ImageObject","inLanguage":"fr-FR","@id":"https:\/\/secure.gravatar.com\/avatar\/87eb4093609afef3758e3a17cae191a4228cebfaf5e056a4b16626f0508700e0?s=96&d=monsterid&r=g","url":"https:\/\/secure.gravatar.com\/avatar\/87eb4093609afef3758e3a17cae191a4228cebfaf5e056a4b16626f0508700e0?s=96&d=monsterid&r=g","contentUrl":"https:\/\/secure.gravatar.com\/avatar\/87eb4093609afef3758e3a17cae191a4228cebfaf5e056a4b16626f0508700e0?s=96&d=monsterid&r=g","caption":"Be-Harmony"},"sameAs":["http:\/\/be-harmony.fr"],"url":"https:\/\/www.be-harmony.fr\/accueil\/blog\/author\/f-lagard\/"}]}},"jetpack_featured_media_url":"https:\/\/www.be-harmony.fr\/wp-content\/uploads\/2025\/06\/1-Juillet-2025-interdiction-de-fumer-lieux-public-arreter-de-fumer-grace-au-laser-scaled.png","_links":{"self":[{"href":"https:\/\/www.be-harmony.fr\/accueil\/wp-json\/wp\/v2\/posts\/4497","targetHints":{"allow":["GET"]}}],"collection":[{"href":"https:\/\/www.be-harmony.fr\/accueil\/wp-json\/wp\/v2\/posts"}],"about":[{"href":"https:\/\/www.be-harmony.fr\/accueil\/wp-json\/wp\/v2\/types\/post"}],"author":[{"embeddable":true,"href":"https:\/\/www.be-harmony.fr\/accueil\/wp-json\/wp\/v2\/users\/2"}],"replies":[{"embeddable":true,"href":"https:\/\/www.be-harmony.fr\/accueil\/wp-json\/wp\/v2\/comments?post=4497"}],"version-history":[{"count":0,"href":"https:\/\/www.be-harmony.fr\/accueil\/wp-json\/wp\/v2\/posts\/4497\/revisions"}],"wp:featuredmedia":[{"embeddable":true,"href":"https:\/\/www.be-harmony.fr\/accueil\/wp-json\/wp\/v2\/media\/4501"}],"wp:attachment":[{"href":"https:\/\/www.be-harmony.fr\/accueil\/wp-json\/wp\/v2\/media?parent=4497"}],"wp:term":[{"taxonomy":"category","embeddable":true,"href":"https:\/\/www.be-harmony.fr\/accueil\/wp-json\/wp\/v2\/categories?post=4497"},{"taxonomy":"post_tag","embeddable":true,"href":"https:\/\/www.be-harmony.fr\/accueil\/wp-json\/wp\/v2\/tags?post=4497"}],"curies":[{"name":"wp","href":"https:\/\/api.w.org\/{rel}","templated":true}]}}