{"id":4547,"date":"2025-10-10T14:58:01","date_gmt":"2025-10-10T12:58:01","guid":{"rendered":"https:\/\/www.be-harmony.fr\/accueil\/?p=4547"},"modified":"2025-10-10T15:12:08","modified_gmt":"2025-10-10T13:12:08","slug":"be-harmony-arrive-en-turquie-ouverture-a-eregli-konya","status":"publish","type":"post","link":"https:\/\/www.be-harmony.fr\/accueil\/blog\/be-harmony-arrive-en-turquie-ouverture-a-eregli-konya\/","title":{"rendered":"Be-Harmony arrive en Turquie : ouverture \u00e0 Ere\u011fli (Konya)"},"content":{"rendered":"<p>[et_pb_section fb_built=\u00a0\u00bb1&Prime; admin_label=\u00a0\u00bbsection\u00a0\u00bb _builder_version=\u00a0\u00bb4.16&Prime; global_colors_info=\u00a0\u00bb{}\u00a0\u00bb][et_pb_row admin_label=\u00a0\u00bbrow\u00a0\u00bb _builder_version=\u00a0\u00bb4.16&Prime; background_size=\u00a0\u00bbinitial\u00a0\u00bb background_position=\u00a0\u00bbtop_left\u00a0\u00bb background_repeat=\u00a0\u00bbrepeat\u00a0\u00bb global_colors_info=\u00a0\u00bb{}\u00a0\u00bb][et_pb_column type=\u00a0\u00bb4_4&Prime; _builder_version=\u00a0\u00bb4.16&Prime; custom_padding=\u00a0\u00bb|||\u00a0\u00bb global_colors_info=\u00a0\u00bb{}\u00a0\u00bb custom_padding__hover=\u00a0\u00bb|||\u00a0\u00bb][et_pb_text _builder_version=\u00a0\u00bb4.27.4&Prime; _module_preset=\u00a0\u00bbdefault\u00a0\u00bb global_colors_info=\u00a0\u00bb{}\u00a0\u00bb]<\/p>\n<h1><b>Be-Harmony arrive en Turquie : ouverture \u00e0 Ere\u011fli (Konya)<\/b><\/h1>\n<p>[\/et_pb_text][\/et_pb_column][\/et_pb_row][et_pb_row _builder_version=\u00a0\u00bb4.27.4&Prime; _module_preset=\u00a0\u00bbdefault\u00a0\u00bb global_colors_info=\u00a0\u00bb{}\u00a0\u00bb][et_pb_column type=\u00a0\u00bb4_4&Prime; _builder_version=\u00a0\u00bb4.27.4&Prime; _module_preset=\u00a0\u00bbdefault\u00a0\u00bb global_colors_info=\u00a0\u00bb{}\u00a0\u00bb][et_pb_text _builder_version=\u00a0\u00bb4.27.4&Prime; _module_preset=\u00a0\u00bbdefault\u00a0\u00bb global_colors_info=\u00a0\u00bb{}\u00a0\u00bb]<\/p>\n<p class=\"p1\">Depuis 2010 en Europe, Be-Harmony accompagne des milliers de personnes dans leur changement d\u2019habitudes. Pr\u00e9sent en France, Belgique, Suisse, Luxembourg et Tunisie, notre r\u00e9seau franchit une nouvelle \u00e9tape avec l\u2019ouverture de notre premier centre en Turquie, \u00e0 <span class=\"s1\"><b>Ere\u011fli (Konya)<\/b><\/span>.<\/p>\n<p>[\/et_pb_text][\/et_pb_column][\/et_pb_row][et_pb_row column_structure=\u00a0\u00bb2_5,3_5&Prime; _builder_version=\u00a0\u00bb4.27.4&Prime; _module_preset=\u00a0\u00bbdefault\u00a0\u00bb global_colors_info=\u00a0\u00bb{}\u00a0\u00bb][et_pb_column type=\u00a0\u00bb2_5&Prime; _builder_version=\u00a0\u00bb4.27.4&Prime; _module_preset=\u00a0\u00bbdefault\u00a0\u00bb global_colors_info=\u00a0\u00bb{}\u00a0\u00bb][et_pb_gallery gallery_ids=\u00a0\u00bb4550,4542,4551&Prime; fullwidth=\u00a0\u00bbon\u00a0\u00bb _builder_version=\u00a0\u00bb4.27.4&Prime; _module_preset=\u00a0\u00bbdefault\u00a0\u00bb border_radii=\u00a0\u00bbon|8px|8px|8px|8px\u00a0\u00bb global_colors_info=\u00a0\u00bb{}\u00a0\u00bb][\/et_pb_gallery][\/et_pb_column][et_pb_column type=\u00a0\u00bb3_5&Prime; _builder_version=\u00a0\u00bb4.27.4&Prime; _module_preset=\u00a0\u00bbdefault\u00a0\u00bb global_colors_info=\u00a0\u00bb{}\u00a0\u00bb][et_pb_text _builder_version=\u00a0\u00bb4.27.4&Prime; _module_preset=\u00a0\u00bbdefault\u00a0\u00bb custom_margin=\u00a0\u00bb3px||||false|false\u00a0\u00bb custom_margin_tablet=\u00a0\u00bb20px||||false|false\u00a0\u00bb custom_margin_phone=\u00a0\u00bb20px||||false|false\u00a0\u00bb custom_margin_last_edited=\u00a0\u00bbon|desktop\u00a0\u00bb global_colors_info=\u00a0\u00bb{}\u00a0\u00bb]<\/p>\n<p class=\"p1\">Apr\u00e8s plusieurs ann\u00e9es pass\u00e9es en <span class=\"s1\"><b>France<\/b><\/span>, \u015eeng\u00fcl a vu de pr\u00e8s comment l\u2019approche Be-Harmony, n\u00e9e en <span class=\"s1\"><b>Europe en 2010<\/b><\/span>, aide les personnes \u00e0 reprendre la main sur leurs habitudes. Touch\u00e9e par ces r\u00e9sultats autour d\u2019elle et par les retours du r\u00e9seau, elle a voulu<span class=\"s1\"><b>\u00a0ouvrir son propre cabinet,<\/b><\/span>\u00a0dans sa ville de c\u0153ur : <span class=\"s1\"><b>Ere\u011fli (Konya)<\/b><\/span>.<\/p>\n<p class=\"p1\">De ses allers-retours entre la France et la Turquie est n\u00e9e une conviction simple : <span class=\"s1\"><b>cr\u00e9er un lieu chaleureux, clair et suivi dans la dur\u00e9e<\/b><\/span>, o\u00f9 l\u2019on se sent accompagn\u00e9 sans jugement. Elle s\u2019est form\u00e9e aupr\u00e8s du fondateur, a adopt\u00e9 la <span class=\"s1\"><b>charte qualit\u00e9<\/b><\/span> du r\u00e9seau et a pr\u00e9par\u00e9 l\u2019ouverture pierre par pierre.<\/p>\n<p class=\"p1\">Le <span class=\"s1\"><b>Cabinet de \u015eENG\u00dcL<\/b><\/span> ouvre ainsi ses portes \u00e0 Ere\u011fli, avec l\u2019envie de <span class=\"s1\"><b>faire le lien entre l\u2019exigence europ\u00e9enne et la proximit\u00e9 locale<\/b><\/span>. Plus qu\u2019un nouveau point sur la carte, c\u2019est un <span class=\"s1\"><b>retour aux sources<\/b><\/span> pour \u015eeng\u00fcl : offrir, dans sa r\u00e9gion, un accompagnement s\u00e9rieux, humain et accessible.<\/p>\n<p class=\"p3\"><b>Bienvenue \u015eENG\u00dcL !<\/b><\/p>\n<p>[\/et_pb_text][\/et_pb_column][\/et_pb_row][et_pb_row column_structure=\u00a0\u00bb3_5,2_5&Prime; make_equal=\u00a0\u00bbon\u00a0\u00bb _builder_version=\u00a0\u00bb4.27.4&Prime; _module_preset=\u00a0\u00bbdefault\u00a0\u00bb custom_margin=\u00a0\u00bb|auto|65px|auto||\u00a0\u00bb global_colors_info=\u00a0\u00bb{}\u00a0\u00bb][et_pb_column type=\u00a0\u00bb3_5&Prime; _builder_version=\u00a0\u00bb4.27.4&Prime; _module_preset=\u00a0\u00bbdefault\u00a0\u00bb global_colors_info=\u00a0\u00bb{}\u00a0\u00bb][et_pb_text _builder_version=\u00a0\u00bb4.27.4&Prime; _module_preset=\u00a0\u00bbdefault\u00a0\u00bb custom_margin=\u00a0\u00bb40px||||false|false\u00a0\u00bb custom_margin_tablet=\u00a0\u00bb65px||||false|false\u00a0\u00bb custom_margin_phone=\u00a0\u00bb65px||||false|false\u00a0\u00bb custom_margin_last_edited=\u00a0\u00bbon|desktop\u00a0\u00bb global_colors_info=\u00a0\u00bb{}\u00a0\u00bb]<\/p>\n<h3><strong><span dir=\"auto\">Une m\u00e9thode unique cr\u00e9\u00e9e par <br \/>Be-Harmony !<\/span><\/strong><br \/><span dir=\"auto\">15 ans d&rsquo;exp\u00e9rience, disponible dans 6 pays<\/span><\/h3>\n<p>&nbsp;<\/p>\n<p><span dir=\"auto\">L&rsquo;Harmonyth\u00e9rapie est une m\u00e9thode utilis\u00e9e en Europe depuis 2010 qui aide les personnes \u00e0 faire la transition vers une vie sans nicotine.<\/span><\/p>\n<p><span dir=\"auto\">Il est \u00e9galement efficace dans le contr\u00f4le de l\u2019app\u00e9tit, la gestion du stress, l\u2019insomnie et le soulagement des sympt\u00f4mes de la m\u00e9nopause.<\/span><\/p>\n<p><span dir=\"auto\">Atteignez vos objectifs sans stress et reprenez le contr\u00f4le<br \/>de votre sant\u00e9 avec Be-Harmony.<\/span><\/p>\n<p>[\/et_pb_text][\/et_pb_column][et_pb_column type=\u00a0\u00bb2_5&Prime; _builder_version=\u00a0\u00bb4.27.4&Prime; _module_preset=\u00a0\u00bbdefault\u00a0\u00bb global_colors_info=\u00a0\u00bb{}\u00a0\u00bb][et_pb_image src=\u00a0\u00bbhttps:\/\/www.be-harmony.fr\/wp-content\/uploads\/2023\/08\/LOGO_BEHARMONY_1200x1200-pixels_02-2.svg\u00a0\u00bb title_text=\u00a0\u00bbLOGO_BEHARMONY_1200x1200 pixels_02 (2)\u00a0\u00bb _builder_version=\u00a0\u00bb4.27.4&Prime; _module_preset=\u00a0\u00bbdefault\u00a0\u00bb global_colors_info=\u00a0\u00bb{}\u00a0\u00bb][\/et_pb_image][\/et_pb_column][\/et_pb_row][et_pb_row column_structure=\u00a0\u00bb1_2,1_2&Prime; _builder_version=\u00a0\u00bb4.27.4&Prime; _module_preset=\u00a0\u00bbdefault\u00a0\u00bb global_colors_info=\u00a0\u00bb{}\u00a0\u00bb][et_pb_column type=\u00a0\u00bb1_2&Prime; _builder_version=\u00a0\u00bb4.27.4&Prime; _module_preset=\u00a0\u00bbdefault\u00a0\u00bb global_colors_info=\u00a0\u00bb{}\u00a0\u00bb][et_pb_code _builder_version=\u00a0\u00bb4.27.4&Prime; _module_preset=\u00a0\u00bbdefault\u00a0\u00bb text_orientation=\u00a0\u00bbcenter\u00a0\u00bb module_alignment=\u00a0\u00bbcenter\u00a0\u00bb global_colors_info=\u00a0\u00bb{}\u00a0\u00bb]<iframe loading=\"lazy\" src=\"https:\/\/www.facebook.com\/plugins\/post.php?href=https%3A%2F%2Fwww.facebook.com%2Fereglihaberleri%2Fposts%2Fpfbid0d6f6tWyWeSD828VRwBsQNzrcU9fUpogWuSdDCTjNDBXnarhnFBgcmpuyYwSPVUwrl&#038;show_text=true&#038;width=500\" width=\"500\" height=\"715\" style=\"border:none;overflow:hidden\" scrolling=\"no\" frameborder=\"0\" allowfullscreen=\"true\" allow=\"autoplay; clipboard-write; encrypted-media; picture-in-picture; web-share\"><\/iframe>[\/et_pb_code][\/et_pb_column][et_pb_column type=\u00a0\u00bb1_2&Prime; _builder_version=\u00a0\u00bb4.27.4&Prime; _module_preset=\u00a0\u00bbdefault\u00a0\u00bb global_colors_info=\u00a0\u00bb{}\u00a0\u00bb][et_pb_code _builder_version=\u00a0\u00bb4.27.4&Prime; _module_preset=\u00a0\u00bbdefault\u00a0\u00bb text_orientation=\u00a0\u00bbcenter\u00a0\u00bb custom_padding=\u00a0\u00bb|||0px||\u00a0\u00bb hover_enabled=\u00a0\u00bb0&Prime; global_colors_info=\u00a0\u00bb{}\u00a0\u00bb custom_margin_last_edited=\u00a0\u00bbon|phone\u00a0\u00bb custom_margin_phone=\u00a0\u00bb||-210px||false|false\u00a0\u00bb sticky_enabled=\u00a0\u00bb0&Prime;]<iframe loading=\"lazy\" src=\"https:\/\/www.facebook.com\/plugins\/video.php?height=476&#038;href=https%3A%2F%2Fwww.facebook.com%2Freel%2F1753312695328988%2F&#038;show_text=false&#038;width=267&#038;t=0\" width=\"500\" height=\"715\" style=\"border:none;overflow:hidden\" scrolling=\"no\" frameborder=\"0\" allowfullscreen=\"true\" allow=\"autoplay; clipboard-write; encrypted-media; picture-in-picture; web-share\" allowFullScreen=\"true\"><\/iframe>[\/et_pb_code][\/et_pb_column][\/et_pb_row][et_pb_row _builder_version=\u00a0\u00bb4.27.4&Prime; _module_preset=\u00a0\u00bbdefault\u00a0\u00bb global_colors_info=\u00a0\u00bb{}\u00a0\u00bb][et_pb_column type=\u00a0\u00bb4_4&Prime; _builder_version=\u00a0\u00bb4.27.4&Prime; _module_preset=\u00a0\u00bbdefault\u00a0\u00bb global_colors_info=\u00a0\u00bb{}\u00a0\u00bb][et_pb_text _builder_version=\u00a0\u00bb4.27.4&Prime; _module_preset=\u00a0\u00bbdefault\u00a0\u00bb global_colors_info=\u00a0\u00bb{}\u00a0\u00bb]<\/p>\n<div class=\"x14z9mp xat24cr x1lziwak x1vvkbs xtlvy1s x126k92a\">\n<h3 dir=\"auto\" style=\"text-align: center;\">Les habitants de la r\u00e9gion de Konya, peuvent d\u00e9sormais b\u00e9n\u00e9ficier <br \/>des protocoles exclusifs Be-Harmony pour :<\/h3>\n<p dir=\"auto\">\n<p dir=\"auto\" style=\"text-align: center;\"><strong>&#8211; L&rsquo;arr\u00eat du tabac<\/strong><br \/><strong>&#8211; La gestion du stress<\/strong><br \/><strong>&#8211; La perte de poids<\/strong><br \/><strong>&#8211; L&rsquo;insomnie<\/strong><br \/><strong>&#8211; Les addictions et le bien-\u00eatre g\u00e9n\u00e9ral.<\/strong><\/p>\n<\/div>\n<div class=\"x14z9mp xat24cr x1lziwak x1vvkbs xtlvy1s x126k92a\">\n<div dir=\"auto\" style=\"text-align: center;\"><span class=\"html-span xexx8yu xyri2b x18d9i69 x1c1uobl x1hl2dhg x16tdsg8 x1vvkbs x3nfvp2 x1j61x8r x1fcty0u xdj266r xat24cr xm2jcoa x1mpyi22 xxymvpz xlup9mm x1kky2od\"><br \/><\/span>Ce premier centre en Turquie, marque une \u00e9tape majeure dans l\u2019expansion de Be-Harmony \u00e0 l\u2019international, confirmant la reconnaissance de notre m\u00e9thode et la qualit\u00e9 de nos formations.<\/div>\n<\/div>\n<p>[\/et_pb_text][\/et_pb_column][\/et_pb_row][et_pb_row _builder_version=\u00a0\u00bb4.27.4&Prime; _module_preset=\u00a0\u00bbdefault\u00a0\u00bb global_colors_info=\u00a0\u00bb{}\u00a0\u00bb][et_pb_column type=\u00a0\u00bb4_4&Prime; _builder_version=\u00a0\u00bb4.27.4&Prime; _module_preset=\u00a0\u00bbdefault\u00a0\u00bb global_colors_info=\u00a0\u00bb{}\u00a0\u00bb][et_pb_code _builder_version=\u00a0\u00bb4.27.4&Prime; _module_preset=\u00a0\u00bbdefault\u00a0\u00bb text_orientation=\u00a0\u00bbcenter\u00a0\u00bb global_colors_info=\u00a0\u00bb{}\u00a0\u00bb]<iframe src=\"https:\/\/www.google.com\/maps\/embed?pb=!1m18!1m12!1m3!1d5307.9091747145285!2d34.055133077318885!3d37.50875597205363!2m3!1f0!2f0!3f0!3m2!1i1024!2i768!4f13.1!3m3!1m2!1s0x14d79714c70eb8ad%3A0x19402576e03b4b7!2sBe-Harmony%20Ere%C4%9Fli%20%2F%20Sigaraya%20Son%20ve%20Kilo%20Kaybi!5e1!3m2!1sfr!2sfr!4v1760100905401!5m2!1sfr!2sfr\" width=\"600\" height=\"450\" style=\"border:0;\" allowfullscreen=\"\" loading=\"lazy\" referrerpolicy=\"no-referrer-when-downgrade\"><\/iframe>[\/et_pb_code][\/et_pb_column][\/et_pb_row][et_pb_row _builder_version=\u00a0\u00bb4.27.4&Prime; _module_preset=\u00a0\u00bbdefault\u00a0\u00bb global_colors_info=\u00a0\u00bb{}\u00a0\u00bb][et_pb_column type=\u00a0\u00bb4_4&Prime; _builder_version=\u00a0\u00bb4.27.4&Prime; _module_preset=\u00a0\u00bbdefault\u00a0\u00bb global_colors_info=\u00a0\u00bb{}\u00a0\u00bb][dsm_icon_list icon_color=\u00a0\u00bb#92C020&Prime; icon_padding=\u00a0\u00bb10px\u00a0\u00bb icon_font_size=\u00a0\u00bb23px\u00a0\u00bb list_layout=\u00a0\u00bbhorizontal\u00a0\u00bb list_alignment=\u00a0\u00bbcenter\u00a0\u00bb list_space_between=\u00a0\u00bb20px\u00a0\u00bb text_indent=\u00a0\u00bb0px\u00a0\u00bb _builder_version=\u00a0\u00bb4.27.4&Prime; _module_preset=\u00a0\u00bbdefault\u00a0\u00bb text_font=\u00a0\u00bbMontserrat|700|||||||\u00a0\u00bb text_font_size=\u00a0\u00bb16px\u00a0\u00bb global_colors_info=\u00a0\u00bb{}\u00a0\u00bb][dsm_icon_list_child text=\u00a0\u00bb+90 553 780 09 46&Prime; font_icon=\u00a0\u00bb&#xf879;||fa||900&Prime; _builder_version=\u00a0\u00bb4.27.4&Prime; _module_preset=\u00a0\u00bbdefault\u00a0\u00bb global_colors_info=\u00a0\u00bb{}\u00a0\u00bb][\/dsm_icon_list_child][dsm_icon_list_child text=\u00a0\u00bbbeharmony.eregli@gmail.com\u00a0\u00bb font_icon=\u00a0\u00bb&#xe076;||divi||400&Prime; _builder_version=\u00a0\u00bb4.27.4&Prime; _module_preset=\u00a0\u00bbdefault\u00a0\u00bb global_colors_info=\u00a0\u00bb{}\u00a0\u00bb][\/dsm_icon_list_child][dsm_icon_list_child text=\u00a0\u00bbwww.beharmony.tr\u00a0\u00bb font_icon=\u00a0\u00bb&#xf0ac;||fa||900&Prime; url=\u00a0\u00bbhttps:\/\/www.beharmony.tr\u00a0\u00bb _builder_version=\u00a0\u00bb4.27.4&Prime; _module_preset=\u00a0\u00bbdefault\u00a0\u00bb global_colors_info=\u00a0\u00bb{}\u00a0\u00bb][\/dsm_icon_list_child][\/dsm_icon_list][\/et_pb_column][\/et_pb_row][\/et_pb_section]<\/p>\n","protected":false},"excerpt":{"rendered":"<p>Be-Harmony arrive en Turquie : ouverture \u00e0 Ere\u011fli (Konya)Depuis 2010 en Europe, Be-Harmony accompagne des milliers de personnes dans leur changement d\u2019habitudes. Pr\u00e9sent en France, Belgique, Suisse, Luxembourg et Tunisie, notre r\u00e9seau franchit une nouvelle \u00e9tape avec l\u2019ouverture de notre premier centre en Turquie, \u00e0 Ere\u011fli (Konya).Apr\u00e8s plusieurs ann\u00e9es pass\u00e9es en France, \u015eeng\u00fcl a vu [&hellip;]<\/p>\n","protected":false},"author":2,"featured_media":4542,"comment_status":"open","ping_status":"open","sticky":false,"template":"","format":"standard","meta":{"_et_pb_use_builder":"on","_et_pb_old_content":"","_et_gb_content_width":"","jetpack_post_was_ever_published":false,"footnotes":""},"categories":[11],"tags":[],"class_list":["post-4547","post","type-post","status-publish","format-standard","has-post-thumbnail","hentry","category-news"],"yoast_head":"<!-- This site is optimized with the Yoast SEO plugin v27.4 - https:\/\/yoast.com\/product\/yoast-seo-wordpress\/ -->\n<title>Be-Harmony arrive en Turquie : ouverture \u00e0 Ere\u011fli (Konya) - Be-Harmony<\/title>\n<meta name=\"description\" content=\"Notre r\u00e9seau franchit une nouvelle \u00e9tape avec l\u2019ouverture de notre premier centre en Turquie, \u00e0 Ere\u011fli (Konya).\" \/>\n<meta name=\"robots\" content=\"index, follow, max-snippet:-1, max-image-preview:large, max-video-preview:-1\" \/>\n<link rel=\"canonical\" href=\"https:\/\/www.be-harmony.fr\/accueil\/blog\/be-harmony-arrive-en-turquie-ouverture-a-eregli-konya\/\" \/>\n<meta property=\"og:locale\" content=\"fr_FR\" \/>\n<meta property=\"og:type\" content=\"article\" \/>\n<meta property=\"og:title\" content=\"Be-Harmony arrive en Turquie : ouverture \u00e0 Ere\u011fli (Konya) - Be-Harmony\" \/>\n<meta property=\"og:description\" content=\"Notre r\u00e9seau franchit une nouvelle \u00e9tape avec l\u2019ouverture de notre premier centre en Turquie, \u00e0 Ere\u011fli (Konya).\" \/>\n<meta property=\"og:url\" content=\"https:\/\/www.be-harmony.fr\/accueil\/blog\/be-harmony-arrive-en-turquie-ouverture-a-eregli-konya\/\" \/>\n<meta property=\"og:site_name\" content=\"Be-Harmony\" \/>\n<meta property=\"article:publisher\" content=\"https:\/\/www.facebook.com\/Harmonytherapielaser.beharmony\" \/>\n<meta property=\"article:published_time\" content=\"2025-10-10T12:58:01+00:00\" \/>\n<meta property=\"article:modified_time\" content=\"2025-10-10T13:12:08+00:00\" \/>\n<meta property=\"og:image\" content=\"https:\/\/www.be-harmony.fr\/wp-content\/uploads\/2025\/10\/BH-eregli-cabinet.jpg\" \/>\n\t<meta property=\"og:image:width\" content=\"1440\" \/>\n\t<meta property=\"og:image:height\" content=\"1898\" \/>\n\t<meta property=\"og:image:type\" content=\"image\/jpeg\" \/>\n<meta name=\"author\" content=\"Be-Harmony\" \/>\n<meta name=\"twitter:card\" content=\"summary_large_image\" \/>\n<meta name=\"twitter:label1\" content=\"\u00c9crit par\" \/>\n\t<meta name=\"twitter:data1\" content=\"Be-Harmony\" \/>\n\t<meta name=\"twitter:label2\" content=\"Dur\u00e9e de lecture estim\u00e9e\" \/>\n\t<meta name=\"twitter:data2\" content=\"3 minutes\" \/>\n<script type=\"application\/ld+json\" class=\"yoast-schema-graph\">{\"@context\":\"https:\\\/\\\/schema.org\",\"@graph\":[{\"@type\":\"Article\",\"@id\":\"https:\\\/\\\/www.be-harmony.fr\\\/accueil\\\/blog\\\/be-harmony-arrive-en-turquie-ouverture-a-eregli-konya\\\/#article\",\"isPartOf\":{\"@id\":\"https:\\\/\\\/www.be-harmony.fr\\\/accueil\\\/blog\\\/be-harmony-arrive-en-turquie-ouverture-a-eregli-konya\\\/\"},\"author\":{\"name\":\"Be-Harmony\",\"@id\":\"https:\\\/\\\/www.be-harmony.fr\\\/accueil\\\/#\\\/schema\\\/person\\\/5da4268820a1eb02fe91d2801f47a063\"},\"headline\":\"Be-Harmony arrive en Turquie : ouverture \u00e0 Ere\u011fli (Konya)\",\"datePublished\":\"2025-10-10T12:58:01+00:00\",\"dateModified\":\"2025-10-10T13:12:08+00:00\",\"mainEntityOfPage\":{\"@id\":\"https:\\\/\\\/www.be-harmony.fr\\\/accueil\\\/blog\\\/be-harmony-arrive-en-turquie-ouverture-a-eregli-konya\\\/\"},\"wordCount\":1090,\"commentCount\":0,\"publisher\":{\"@id\":\"https:\\\/\\\/www.be-harmony.fr\\\/accueil\\\/#organization\"},\"image\":{\"@id\":\"https:\\\/\\\/www.be-harmony.fr\\\/accueil\\\/blog\\\/be-harmony-arrive-en-turquie-ouverture-a-eregli-konya\\\/#primaryimage\"},\"thumbnailUrl\":\"https:\\\/\\\/www.be-harmony.fr\\\/wp-content\\\/uploads\\\/2025\\\/10\\\/BH-eregli-cabinet.jpg\",\"articleSection\":[\"News\"],\"inLanguage\":\"fr-FR\",\"potentialAction\":[{\"@type\":\"CommentAction\",\"name\":\"Comment\",\"target\":[\"https:\\\/\\\/www.be-harmony.fr\\\/accueil\\\/blog\\\/be-harmony-arrive-en-turquie-ouverture-a-eregli-konya\\\/#respond\"]}]},{\"@type\":\"WebPage\",\"@id\":\"https:\\\/\\\/www.be-harmony.fr\\\/accueil\\\/blog\\\/be-harmony-arrive-en-turquie-ouverture-a-eregli-konya\\\/\",\"url\":\"https:\\\/\\\/www.be-harmony.fr\\\/accueil\\\/blog\\\/be-harmony-arrive-en-turquie-ouverture-a-eregli-konya\\\/\",\"name\":\"Be-Harmony arrive en Turquie : ouverture \u00e0 Ere\u011fli (Konya) - Be-Harmony\",\"isPartOf\":{\"@id\":\"https:\\\/\\\/www.be-harmony.fr\\\/accueil\\\/#website\"},\"primaryImageOfPage\":{\"@id\":\"https:\\\/\\\/www.be-harmony.fr\\\/accueil\\\/blog\\\/be-harmony-arrive-en-turquie-ouverture-a-eregli-konya\\\/#primaryimage\"},\"image\":{\"@id\":\"https:\\\/\\\/www.be-harmony.fr\\\/accueil\\\/blog\\\/be-harmony-arrive-en-turquie-ouverture-a-eregli-konya\\\/#primaryimage\"},\"thumbnailUrl\":\"https:\\\/\\\/www.be-harmony.fr\\\/wp-content\\\/uploads\\\/2025\\\/10\\\/BH-eregli-cabinet.jpg\",\"datePublished\":\"2025-10-10T12:58:01+00:00\",\"dateModified\":\"2025-10-10T13:12:08+00:00\",\"description\":\"Notre r\u00e9seau franchit une nouvelle \u00e9tape avec l\u2019ouverture de notre premier centre en Turquie, \u00e0 Ere\u011fli (Konya).\",\"breadcrumb\":{\"@id\":\"https:\\\/\\\/www.be-harmony.fr\\\/accueil\\\/blog\\\/be-harmony-arrive-en-turquie-ouverture-a-eregli-konya\\\/#breadcrumb\"},\"inLanguage\":\"fr-FR\",\"potentialAction\":[{\"@type\":\"ReadAction\",\"target\":[\"https:\\\/\\\/www.be-harmony.fr\\\/accueil\\\/blog\\\/be-harmony-arrive-en-turquie-ouverture-a-eregli-konya\\\/\"]}]},{\"@type\":\"ImageObject\",\"inLanguage\":\"fr-FR\",\"@id\":\"https:\\\/\\\/www.be-harmony.fr\\\/accueil\\\/blog\\\/be-harmony-arrive-en-turquie-ouverture-a-eregli-konya\\\/#primaryimage\",\"url\":\"https:\\\/\\\/www.be-harmony.fr\\\/wp-content\\\/uploads\\\/2025\\\/10\\\/BH-eregli-cabinet.jpg\",\"contentUrl\":\"https:\\\/\\\/www.be-harmony.fr\\\/wp-content\\\/uploads\\\/2025\\\/10\\\/BH-eregli-cabinet.jpg\",\"width\":1440,\"height\":1898},{\"@type\":\"BreadcrumbList\",\"@id\":\"https:\\\/\\\/www.be-harmony.fr\\\/accueil\\\/blog\\\/be-harmony-arrive-en-turquie-ouverture-a-eregli-konya\\\/#breadcrumb\",\"itemListElement\":[{\"@type\":\"ListItem\",\"position\":1,\"name\":\"Accueil\",\"item\":\"https:\\\/\\\/www.be-harmony.fr\\\/accueil\\\/\"},{\"@type\":\"ListItem\",\"position\":2,\"name\":\"Be-Harmony arrive en Turquie : ouverture \u00e0 Ere\u011fli (Konya)\"}]},{\"@type\":\"WebSite\",\"@id\":\"https:\\\/\\\/www.be-harmony.fr\\\/accueil\\\/#website\",\"url\":\"https:\\\/\\\/www.be-harmony.fr\\\/accueil\\\/\",\"name\":\"Be-Harmony\",\"description\":\"Arr\u00eater de fumer gr\u00e2ce au laser\",\"publisher\":{\"@id\":\"https:\\\/\\\/www.be-harmony.fr\\\/accueil\\\/#organization\"},\"potentialAction\":[{\"@type\":\"SearchAction\",\"target\":{\"@type\":\"EntryPoint\",\"urlTemplate\":\"https:\\\/\\\/www.be-harmony.fr\\\/accueil\\\/?s={search_term_string}\"},\"query-input\":{\"@type\":\"PropertyValueSpecification\",\"valueRequired\":true,\"valueName\":\"search_term_string\"}}],\"inLanguage\":\"fr-FR\"},{\"@type\":\"Organization\",\"@id\":\"https:\\\/\\\/www.be-harmony.fr\\\/accueil\\\/#organization\",\"name\":\"Be-Harmony\",\"url\":\"https:\\\/\\\/www.be-harmony.fr\\\/accueil\\\/\",\"logo\":{\"@type\":\"ImageObject\",\"inLanguage\":\"fr-FR\",\"@id\":\"https:\\\/\\\/www.be-harmony.fr\\\/accueil\\\/#\\\/schema\\\/logo\\\/image\\\/\",\"url\":\"https:\\\/\\\/www.be-harmony.fr\\\/wp-content\\\/uploads\\\/2022\\\/12\\\/LOGO_BEHARMONYtitre2022.png\",\"contentUrl\":\"https:\\\/\\\/www.be-harmony.fr\\\/wp-content\\\/uploads\\\/2022\\\/12\\\/LOGO_BEHARMONYtitre2022.png\",\"width\":591,\"height\":591,\"caption\":\"Be-Harmony\"},\"image\":{\"@id\":\"https:\\\/\\\/www.be-harmony.fr\\\/accueil\\\/#\\\/schema\\\/logo\\\/image\\\/\"},\"sameAs\":[\"https:\\\/\\\/www.facebook.com\\\/Harmonytherapielaser.beharmony\"]},{\"@type\":\"Person\",\"@id\":\"https:\\\/\\\/www.be-harmony.fr\\\/accueil\\\/#\\\/schema\\\/person\\\/5da4268820a1eb02fe91d2801f47a063\",\"name\":\"Be-Harmony\",\"image\":{\"@type\":\"ImageObject\",\"inLanguage\":\"fr-FR\",\"@id\":\"https:\\\/\\\/secure.gravatar.com\\\/avatar\\\/87eb4093609afef3758e3a17cae191a4228cebfaf5e056a4b16626f0508700e0?s=96&d=monsterid&r=g\",\"url\":\"https:\\\/\\\/secure.gravatar.com\\\/avatar\\\/87eb4093609afef3758e3a17cae191a4228cebfaf5e056a4b16626f0508700e0?s=96&d=monsterid&r=g\",\"contentUrl\":\"https:\\\/\\\/secure.gravatar.com\\\/avatar\\\/87eb4093609afef3758e3a17cae191a4228cebfaf5e056a4b16626f0508700e0?s=96&d=monsterid&r=g\",\"caption\":\"Be-Harmony\"},\"sameAs\":[\"http:\\\/\\\/be-harmony.fr\"],\"url\":\"https:\\\/\\\/www.be-harmony.fr\\\/accueil\\\/blog\\\/author\\\/f-lagard\\\/\"}]}<\/script>\n<!-- \/ Yoast SEO plugin. -->","yoast_head_json":{"title":"Be-Harmony arrive en Turquie : ouverture \u00e0 Ere\u011fli (Konya) - Be-Harmony","description":"Notre r\u00e9seau franchit une nouvelle \u00e9tape avec l\u2019ouverture de notre premier centre en Turquie, \u00e0 Ere\u011fli (Konya).","robots":{"index":"index","follow":"follow","max-snippet":"max-snippet:-1","max-image-preview":"max-image-preview:large","max-video-preview":"max-video-preview:-1"},"canonical":"https:\/\/www.be-harmony.fr\/accueil\/blog\/be-harmony-arrive-en-turquie-ouverture-a-eregli-konya\/","og_locale":"fr_FR","og_type":"article","og_title":"Be-Harmony arrive en Turquie : ouverture \u00e0 Ere\u011fli (Konya) - Be-Harmony","og_description":"Notre r\u00e9seau franchit une nouvelle \u00e9tape avec l\u2019ouverture de notre premier centre en Turquie, \u00e0 Ere\u011fli (Konya).","og_url":"https:\/\/www.be-harmony.fr\/accueil\/blog\/be-harmony-arrive-en-turquie-ouverture-a-eregli-konya\/","og_site_name":"Be-Harmony","article_publisher":"https:\/\/www.facebook.com\/Harmonytherapielaser.beharmony","article_published_time":"2025-10-10T12:58:01+00:00","article_modified_time":"2025-10-10T13:12:08+00:00","og_image":[{"width":1440,"height":1898,"url":"https:\/\/www.be-harmony.fr\/wp-content\/uploads\/2025\/10\/BH-eregli-cabinet.jpg","type":"image\/jpeg"}],"author":"Be-Harmony","twitter_card":"summary_large_image","twitter_misc":{"\u00c9crit par":"Be-Harmony","Dur\u00e9e de lecture estim\u00e9e":"3 minutes"},"schema":{"@context":"https:\/\/schema.org","@graph":[{"@type":"Article","@id":"https:\/\/www.be-harmony.fr\/accueil\/blog\/be-harmony-arrive-en-turquie-ouverture-a-eregli-konya\/#article","isPartOf":{"@id":"https:\/\/www.be-harmony.fr\/accueil\/blog\/be-harmony-arrive-en-turquie-ouverture-a-eregli-konya\/"},"author":{"name":"Be-Harmony","@id":"https:\/\/www.be-harmony.fr\/accueil\/#\/schema\/person\/5da4268820a1eb02fe91d2801f47a063"},"headline":"Be-Harmony arrive en Turquie : ouverture \u00e0 Ere\u011fli (Konya)","datePublished":"2025-10-10T12:58:01+00:00","dateModified":"2025-10-10T13:12:08+00:00","mainEntityOfPage":{"@id":"https:\/\/www.be-harmony.fr\/accueil\/blog\/be-harmony-arrive-en-turquie-ouverture-a-eregli-konya\/"},"wordCount":1090,"commentCount":0,"publisher":{"@id":"https:\/\/www.be-harmony.fr\/accueil\/#organization"},"image":{"@id":"https:\/\/www.be-harmony.fr\/accueil\/blog\/be-harmony-arrive-en-turquie-ouverture-a-eregli-konya\/#primaryimage"},"thumbnailUrl":"https:\/\/www.be-harmony.fr\/wp-content\/uploads\/2025\/10\/BH-eregli-cabinet.jpg","articleSection":["News"],"inLanguage":"fr-FR","potentialAction":[{"@type":"CommentAction","name":"Comment","target":["https:\/\/www.be-harmony.fr\/accueil\/blog\/be-harmony-arrive-en-turquie-ouverture-a-eregli-konya\/#respond"]}]},{"@type":"WebPage","@id":"https:\/\/www.be-harmony.fr\/accueil\/blog\/be-harmony-arrive-en-turquie-ouverture-a-eregli-konya\/","url":"https:\/\/www.be-harmony.fr\/accueil\/blog\/be-harmony-arrive-en-turquie-ouverture-a-eregli-konya\/","name":"Be-Harmony arrive en Turquie : ouverture \u00e0 Ere\u011fli (Konya) - Be-Harmony","isPartOf":{"@id":"https:\/\/www.be-harmony.fr\/accueil\/#website"},"primaryImageOfPage":{"@id":"https:\/\/www.be-harmony.fr\/accueil\/blog\/be-harmony-arrive-en-turquie-ouverture-a-eregli-konya\/#primaryimage"},"image":{"@id":"https:\/\/www.be-harmony.fr\/accueil\/blog\/be-harmony-arrive-en-turquie-ouverture-a-eregli-konya\/#primaryimage"},"thumbnailUrl":"https:\/\/www.be-harmony.fr\/wp-content\/uploads\/2025\/10\/BH-eregli-cabinet.jpg","datePublished":"2025-10-10T12:58:01+00:00","dateModified":"2025-10-10T13:12:08+00:00","description":"Notre r\u00e9seau franchit une nouvelle \u00e9tape avec l\u2019ouverture de notre premier centre en Turquie, \u00e0 Ere\u011fli (Konya).","breadcrumb":{"@id":"https:\/\/www.be-harmony.fr\/accueil\/blog\/be-harmony-arrive-en-turquie-ouverture-a-eregli-konya\/#breadcrumb"},"inLanguage":"fr-FR","potentialAction":[{"@type":"ReadAction","target":["https:\/\/www.be-harmony.fr\/accueil\/blog\/be-harmony-arrive-en-turquie-ouverture-a-eregli-konya\/"]}]},{"@type":"ImageObject","inLanguage":"fr-FR","@id":"https:\/\/www.be-harmony.fr\/accueil\/blog\/be-harmony-arrive-en-turquie-ouverture-a-eregli-konya\/#primaryimage","url":"https:\/\/www.be-harmony.fr\/wp-content\/uploads\/2025\/10\/BH-eregli-cabinet.jpg","contentUrl":"https:\/\/www.be-harmony.fr\/wp-content\/uploads\/2025\/10\/BH-eregli-cabinet.jpg","width":1440,"height":1898},{"@type":"BreadcrumbList","@id":"https:\/\/www.be-harmony.fr\/accueil\/blog\/be-harmony-arrive-en-turquie-ouverture-a-eregli-konya\/#breadcrumb","itemListElement":[{"@type":"ListItem","position":1,"name":"Accueil","item":"https:\/\/www.be-harmony.fr\/accueil\/"},{"@type":"ListItem","position":2,"name":"Be-Harmony arrive en Turquie : ouverture \u00e0 Ere\u011fli (Konya)"}]},{"@type":"WebSite","@id":"https:\/\/www.be-harmony.fr\/accueil\/#website","url":"https:\/\/www.be-harmony.fr\/accueil\/","name":"Be-Harmony","description":"Arr\u00eater de fumer gr\u00e2ce au laser","publisher":{"@id":"https:\/\/www.be-harmony.fr\/accueil\/#organization"},"potentialAction":[{"@type":"SearchAction","target":{"@type":"EntryPoint","urlTemplate":"https:\/\/www.be-harmony.fr\/accueil\/?s={search_term_string}"},"query-input":{"@type":"PropertyValueSpecification","valueRequired":true,"valueName":"search_term_string"}}],"inLanguage":"fr-FR"},{"@type":"Organization","@id":"https:\/\/www.be-harmony.fr\/accueil\/#organization","name":"Be-Harmony","url":"https:\/\/www.be-harmony.fr\/accueil\/","logo":{"@type":"ImageObject","inLanguage":"fr-FR","@id":"https:\/\/www.be-harmony.fr\/accueil\/#\/schema\/logo\/image\/","url":"https:\/\/www.be-harmony.fr\/wp-content\/uploads\/2022\/12\/LOGO_BEHARMONYtitre2022.png","contentUrl":"https:\/\/www.be-harmony.fr\/wp-content\/uploads\/2022\/12\/LOGO_BEHARMONYtitre2022.png","width":591,"height":591,"caption":"Be-Harmony"},"image":{"@id":"https:\/\/www.be-harmony.fr\/accueil\/#\/schema\/logo\/image\/"},"sameAs":["https:\/\/www.facebook.com\/Harmonytherapielaser.beharmony"]},{"@type":"Person","@id":"https:\/\/www.be-harmony.fr\/accueil\/#\/schema\/person\/5da4268820a1eb02fe91d2801f47a063","name":"Be-Harmony","image":{"@type":"ImageObject","inLanguage":"fr-FR","@id":"https:\/\/secure.gravatar.com\/avatar\/87eb4093609afef3758e3a17cae191a4228cebfaf5e056a4b16626f0508700e0?s=96&d=monsterid&r=g","url":"https:\/\/secure.gravatar.com\/avatar\/87eb4093609afef3758e3a17cae191a4228cebfaf5e056a4b16626f0508700e0?s=96&d=monsterid&r=g","contentUrl":"https:\/\/secure.gravatar.com\/avatar\/87eb4093609afef3758e3a17cae191a4228cebfaf5e056a4b16626f0508700e0?s=96&d=monsterid&r=g","caption":"Be-Harmony"},"sameAs":["http:\/\/be-harmony.fr"],"url":"https:\/\/www.be-harmony.fr\/accueil\/blog\/author\/f-lagard\/"}]}},"jetpack_featured_media_url":"https:\/\/www.be-harmony.fr\/wp-content\/uploads\/2025\/10\/BH-eregli-cabinet.jpg","_links":{"self":[{"href":"https:\/\/www.be-harmony.fr\/accueil\/wp-json\/wp\/v2\/posts\/4547","targetHints":{"allow":["GET"]}}],"collection":[{"href":"https:\/\/www.be-harmony.fr\/accueil\/wp-json\/wp\/v2\/posts"}],"about":[{"href":"https:\/\/www.be-harmony.fr\/accueil\/wp-json\/wp\/v2\/types\/post"}],"author":[{"embeddable":true,"href":"https:\/\/www.be-harmony.fr\/accueil\/wp-json\/wp\/v2\/users\/2"}],"replies":[{"embeddable":true,"href":"https:\/\/www.be-harmony.fr\/accueil\/wp-json\/wp\/v2\/comments?post=4547"}],"version-history":[{"count":10,"href":"https:\/\/www.be-harmony.fr\/accueil\/wp-json\/wp\/v2\/posts\/4547\/revisions"}],"predecessor-version":[{"id":4568,"href":"https:\/\/www.be-harmony.fr\/accueil\/wp-json\/wp\/v2\/posts\/4547\/revisions\/4568"}],"wp:featuredmedia":[{"embeddable":true,"href":"https:\/\/www.be-harmony.fr\/accueil\/wp-json\/wp\/v2\/media\/4542"}],"wp:attachment":[{"href":"https:\/\/www.be-harmony.fr\/accueil\/wp-json\/wp\/v2\/media?parent=4547"}],"wp:term":[{"taxonomy":"category","embeddable":true,"href":"https:\/\/www.be-harmony.fr\/accueil\/wp-json\/wp\/v2\/categories?post=4547"},{"taxonomy":"post_tag","embeddable":true,"href":"https:\/\/www.be-harmony.fr\/accueil\/wp-json\/wp\/v2\/tags?post=4547"}],"curies":[{"name":"wp","href":"https:\/\/api.w.org\/{rel}","templated":true}]}}